{"id":35822,"date":"2025-06-09T22:24:09","date_gmt":"2025-06-09T22:24:09","guid":{"rendered":"https:\/\/haberbesiktas.tr\/?p=35822"},"modified":"2025-06-09T22:24:09","modified_gmt":"2025-06-09T22:24:09","slug":"salih-ucan-farkli-dizilisle-sahada-olacagiz","status":"publish","type":"post","link":"https:\/\/haberbesiktas.tr\/?p=35822","title":{"rendered":"Salih U\u00e7an: &#8220;Farkl\u0131 dizili\u015fle sahada olaca\u011f\u0131z&#8221;"},"content":{"rendered":"<div>Trendyol \u00dcst\u00fcn Lig&#8217;in 29. haftas\u0131nda Be\u015fikta\u015f ile Galatasaray kar\u015f\u0131 kar\u015f\u0131ya gelecek. <\/p>\n<p>Be\u015fikta\u015f&#8217;ta forma giyen Salih U\u00e7an, Galatasaray derbisi \u00f6ncesi a\u00e7\u0131klamalar yapt\u0131.\u00a0<\/p>\n<p><span>Salih U\u00e7an,\u00a0<strong>&#8220;Son iki ma\u00e7 istedi\u011fimiz \u00fczere sonu\u00e7lanmad\u0131. Ho\u015f bir ivme yakalam\u0131\u015ft\u0131k asl\u0131nda. Yeterli bir ulusal orta ge\u00e7irdik. D\u00fczg\u00fcn \u00e7al\u0131\u015ft\u0131k. Farkl\u0131 dizili\u015fle alanda olaca\u011f\u0131z. \u0130n\u015fallah istedi\u011fimizi al\u0131r\u0131z bu ma\u00e7tan. Taraftar\u0131m\u0131z\u0131n a\u011f\u0131r ilgisi var. Onlar\u0131 ma\u00e7 \u00f6n\u00fcnde g\u00f6rmek \u00e7ok ho\u015f. Bizi heyecanland\u0131ran, h\u0131rsland\u0131ran taraftar k\u00fcmemiz var. Stad yerimiz bir nebze berbatt\u0131, \u015fu an inan\u0131lmaz ho\u015f bir yerimiz var.&#8221;<\/strong> dedi.<\/span><\/div>\n<p><\/p>\n","protected":false},"excerpt":{"rendered":"<p>Be\u015fikta\u015f&#8217;ta forma giyen Salih U\u00e7an, Galatasaray derbisi \u00f6ncesi a\u00e7\u0131klamalarda bulundu.<\/p>\n","protected":false},"author":1,"featured_media":35823,"comment_status":"open","ping_status":"open","sticky":false,"template":"","format":"standard","meta":{"footnotes":""},"categories":[25],"tags":[],"class_list":["post-35822","post","type-post","status-publish","format-standard","has-post-thumbnail","hentry","category-futbol"],"_links":{"self":[{"href":"https:\/\/haberbesiktas.tr\/index.php?rest_route=\/wp\/v2\/posts\/35822","targetHints":{"allow":["GET"]}}],"collection":[{"href":"https:\/\/haberbesiktas.tr\/index.php?rest_route=\/wp\/v2\/posts"}],"about":[{"href":"https:\/\/haberbesiktas.tr\/index.php?rest_route=\/wp\/v2\/types\/post"}],"author":[{"embeddable":true,"href":"https:\/\/haberbesiktas.tr\/index.php?rest_route=\/wp\/v2\/users\/1"}],"replies":[{"embeddable":true,"href":"https:\/\/haberbesiktas.tr\/index.php?rest_route=%2Fwp%2Fv2%2Fcomments&post=35822"}],"version-history":[{"count":1,"href":"https:\/\/haberbesiktas.tr\/index.php?rest_route=\/wp\/v2\/posts\/35822\/revisions"}],"predecessor-version":[{"id":35824,"href":"https:\/\/haberbesiktas.tr\/index.php?rest_route=\/wp\/v2\/posts\/35822\/revisions\/35824"}],"wp:featuredmedia":[{"embeddable":true,"href":"https:\/\/haberbesiktas.tr\/index.php?rest_route=\/wp\/v2\/media\/35823"}],"wp:attachment":[{"href":"https:\/\/haberbesiktas.tr\/index.php?rest_route=%2Fwp%2Fv2%2Fmedia&parent=35822"}],"wp:term":[{"taxonomy":"category","embeddable":true,"href":"https:\/\/haberbesiktas.tr\/index.php?rest_route=%2Fwp%2Fv2%2Fcategories&post=35822"},{"taxonomy":"post_tag","embeddable":true,"href":"https:\/\/haberbesiktas.tr\/index.php?rest_route=%2Fwp%2Fv2%2Ftags&post=35822"}],"curies":[{"name":"wp","href":"https:\/\/api.w.org\/{rel}","templated":true}]}}