{"id":35825,"date":"2025-06-09T22:36:20","date_gmt":"2025-06-09T22:36:20","guid":{"rendered":"https:\/\/haberbesiktas.tr\/?p=35825"},"modified":"2025-06-09T22:36:20","modified_gmt":"2025-06-09T22:36:20","slug":"metehan-baltaci-besiktasi-ciddiye-aliyoruz","status":"publish","type":"post","link":"https:\/\/haberbesiktas.tr\/?p=35825","title":{"rendered":"Metehan Baltac\u0131: &#8220;Be\u015fikta\u015f&#8217;\u0131 ciddiye al\u0131yoruz&#8221;"},"content":{"rendered":"<div>Galatasaray formas\u0131 giyen Metehan Baltac\u0131, Be\u015fikta\u015f ma\u00e7\u0131 \u00f6ncesi konu\u015ftu.<\/p>\n<p> <strong>Metehan&#8217;\u0131n ma\u00e7 \u00f6ncesi g\u00f6r\u00fc\u015fleri \u015fu bi\u00e7imde:<\/strong><\/p>\n<p> &#8220;\u0130yi \u00e7al\u0131\u015ft\u0131k. D\u00fczg\u00fcn haz\u0131rland\u0131k. K\u0131ymetli bir g\u00fcn. T\u00fcrkiye&#8217;nin iki b\u00fcy\u00fck toplulu\u011fu kar\u015f\u0131la\u015facak. Amac\u0131m\u0131z belirli. Burada kazan\u0131p \u015fampiyonluk yolunda emin ad\u0131mlarla devam etmek istiyoruz. Puan olarak da performans olarak da Be\u015fikta\u015f, bu \u00fclkenin de\u011ferli ekiplerinden biri. B\u00fcy\u00fck ma\u00e7lardaki performanslar\u0131 ortada. Rakibimizi ciddiye al\u0131yoruz. Yeterli bir grup Be\u015fikta\u015f. Biz de yeterli \u00e7al\u0131\u015ft\u0131k.&#8221;<\/p>\n<\/div>\n<p><\/p>\n","protected":false},"excerpt":{"rendered":"<p>Galatasaray formas\u0131 giyen Metehan Baltac\u0131, Be\u015fikta\u015f ma\u00e7\u0131 \u00f6ncesi konu\u015ftu.<\/p>\n","protected":false},"author":1,"featured_media":35826,"comment_status":"open","ping_status":"open","sticky":false,"template":"","format":"standard","meta":{"footnotes":""},"categories":[25],"tags":[],"class_list":["post-35825","post","type-post","status-publish","format-standard","has-post-thumbnail","hentry","category-futbol"],"_links":{"self":[{"href":"https:\/\/haberbesiktas.tr\/index.php?rest_route=\/wp\/v2\/posts\/35825","targetHints":{"allow":["GET"]}}],"collection":[{"href":"https:\/\/haberbesiktas.tr\/index.php?rest_route=\/wp\/v2\/posts"}],"about":[{"href":"https:\/\/haberbesiktas.tr\/index.php?rest_route=\/wp\/v2\/types\/post"}],"author":[{"embeddable":true,"href":"https:\/\/haberbesiktas.tr\/index.php?rest_route=\/wp\/v2\/users\/1"}],"replies":[{"embeddable":true,"href":"https:\/\/haberbesiktas.tr\/index.php?rest_route=%2Fwp%2Fv2%2Fcomments&post=35825"}],"version-history":[{"count":1,"href":"https:\/\/haberbesiktas.tr\/index.php?rest_route=\/wp\/v2\/posts\/35825\/revisions"}],"predecessor-version":[{"id":35827,"href":"https:\/\/haberbesiktas.tr\/index.php?rest_route=\/wp\/v2\/posts\/35825\/revisions\/35827"}],"wp:featuredmedia":[{"embeddable":true,"href":"https:\/\/haberbesiktas.tr\/index.php?rest_route=\/wp\/v2\/media\/35826"}],"wp:attachment":[{"href":"https:\/\/haberbesiktas.tr\/index.php?rest_route=%2Fwp%2Fv2%2Fmedia&parent=35825"}],"wp:term":[{"taxonomy":"category","embeddable":true,"href":"https:\/\/haberbesiktas.tr\/index.php?rest_route=%2Fwp%2Fv2%2Fcategories&post=35825"},{"taxonomy":"post_tag","embeddable":true,"href":"https:\/\/haberbesiktas.tr\/index.php?rest_route=%2Fwp%2Fv2%2Ftags&post=35825"}],"curies":[{"name":"wp","href":"https:\/\/api.w.org\/{rel}","templated":true}]}}