{"id":35828,"date":"2025-06-09T22:48:13","date_gmt":"2025-06-09T22:48:13","guid":{"rendered":"https:\/\/haberbesiktas.tr\/?p=35828"},"modified":"2025-06-09T22:48:13","modified_gmt":"2025-06-09T22:48:13","slug":"ole-gunnar-solskjaer-derbi-taktigini-anlatti","status":"publish","type":"post","link":"https:\/\/haberbesiktas.tr\/?p=35828","title":{"rendered":"Ole Gunnar Solskjaer, derbi takti\u011fini anlatt\u0131"},"content":{"rendered":"<div>Be\u015fikta\u015f Teknik Y\u00f6neticisi Ole Gunnar Solskjaer, Galatasaray derbisi \u00f6ncesi a\u00e7\u0131klamalarda bulundu.<\/p>\n<p>Derbideki birinci 11 se\u00e7imiyle ilgili konu\u015fan Solskjaer, &#8220;<span><strong>Milli ortalar her vakit kolay de\u011fildir. Biz oyuncular\u0131m\u0131z\u0131n sakat gelmemelerini umuyoruz. Bu ulusal ortada sakat oyuncu gelmedi. \u0130ki g\u00fcnd\u00fcr birlikte \u00e7al\u0131\u015ft\u0131k. Daima de\u011fi\u015fecek 4 atak\u00e7\u0131 ile oynayaca\u011f\u0131z. Yeterli bir tepki vermek zorunday\u0131z. Kendi taraftar\u0131m\u0131z\u0131n \u00f6n\u00fcnde oynuyoruz. Teknik ve taktik a\u00e7\u0131dan alanda \u00e7ok yeterli bir ekip g\u00f6stermeliyiz. Ma\u00e7a bu t\u00fcrl\u00fc ba\u015flayaca\u011f\u0131z ancak di\u011fer oyuncular da girecek fakat karar\u0131m\u0131z bu istikamette oldu<\/strong>.&#8221; dedi.<\/p>\n<p>Norve\u00e7li teknik adam, &#8220;<span><strong>Ger\u00e7ekten bug\u00fcn kalite g\u00f6stermek zorunday\u0131z. Rakipten daha \u00e2l\u00e2 olmak zorunday\u0131z. Be\u015fikta\u015f&#8217;\u0131n futbolcular\u0131 bug\u00fcn sava\u015facak. Son iki ma\u00e7 hayal k\u0131r\u0131kl\u0131\u011f\u0131 oldu. Bu hayal k\u0131r\u0131kl\u0131\u011f\u0131n\u0131 gidermek zorunday\u0131z.<\/strong>&#8221; tabirlerini kulland\u0131.<\/p>\n<p><\/span>Solskjaer, &#8220;<span><strong>\u015eu taraftar\u0131n \u00f6n\u00fcnde oynad\u0131\u011f\u0131n\u0131z\u0131 d\u00fc\u015f\u00fcn\u00fcn, herkesin y\u00fcz\u00fcn\u00fc g\u00fcld\u00fcrmek istersiniz. Bug\u00fcn bu f\u0131rsat\u0131m\u0131z var.<\/strong>&#8221; kelamlar\u0131yla konu\u015fmas\u0131n\u0131 noktalad\u0131.<\/span><\/p>\n<p><strong>BE\u015e\u0130KTA\u015e&#8217;IN DERB\u0130 11&#8217;\u0130\u00a0<\/p>\n<p><img decoding=\"async\" src=\"https:\/\/haberbesiktas.tr\/wp-content\/uploads\/2025\/06\/ole-gunnar-solskjaer-derbi-taktigini-anlatti-0-5Stunx4I.jpg\"\/><br \/><\/strong><\/span><\/div>\n<p><\/p>\n","protected":false},"excerpt":{"rendered":"<p>Be\u015fikta\u015f&#8217;\u0131n Norve\u00e7li teknik adam\u0131 Solskjaer, Galatasaray derbisi \u00f6ncesi fla\u015f r\u00f6portajda konu\u015ftu.<\/p>\n","protected":false},"author":1,"featured_media":35829,"comment_status":"open","ping_status":"open","sticky":false,"template":"","format":"standard","meta":{"footnotes":""},"categories":[25],"tags":[],"class_list":["post-35828","post","type-post","status-publish","format-standard","has-post-thumbnail","hentry","category-futbol"],"_links":{"self":[{"href":"https:\/\/haberbesiktas.tr\/index.php?rest_route=\/wp\/v2\/posts\/35828","targetHints":{"allow":["GET"]}}],"collection":[{"href":"https:\/\/haberbesiktas.tr\/index.php?rest_route=\/wp\/v2\/posts"}],"about":[{"href":"https:\/\/haberbesiktas.tr\/index.php?rest_route=\/wp\/v2\/types\/post"}],"author":[{"embeddable":true,"href":"https:\/\/haberbesiktas.tr\/index.php?rest_route=\/wp\/v2\/users\/1"}],"replies":[{"embeddable":true,"href":"https:\/\/haberbesiktas.tr\/index.php?rest_route=%2Fwp%2Fv2%2Fcomments&post=35828"}],"version-history":[{"count":1,"href":"https:\/\/haberbesiktas.tr\/index.php?rest_route=\/wp\/v2\/posts\/35828\/revisions"}],"predecessor-version":[{"id":35831,"href":"https:\/\/haberbesiktas.tr\/index.php?rest_route=\/wp\/v2\/posts\/35828\/revisions\/35831"}],"wp:featuredmedia":[{"embeddable":true,"href":"https:\/\/haberbesiktas.tr\/index.php?rest_route=\/wp\/v2\/media\/35829"}],"wp:attachment":[{"href":"https:\/\/haberbesiktas.tr\/index.php?rest_route=%2Fwp%2Fv2%2Fmedia&parent=35828"}],"wp:term":[{"taxonomy":"category","embeddable":true,"href":"https:\/\/haberbesiktas.tr\/index.php?rest_route=%2Fwp%2Fv2%2Fcategories&post=35828"},{"taxonomy":"post_tag","embeddable":true,"href":"https:\/\/haberbesiktas.tr\/index.php?rest_route=%2Fwp%2Fv2%2Ftags&post=35828"}],"curies":[{"name":"wp","href":"https:\/\/api.w.org\/{rel}","templated":true}]}}