{"id":35841,"date":"2025-06-09T23:36:09","date_gmt":"2025-06-09T23:36:09","guid":{"rendered":"https:\/\/haberbesiktas.tr\/?p=35841"},"modified":"2025-06-09T23:36:09","modified_gmt":"2025-06-09T23:36:09","slug":"okan-buruktan-derbide-degisiklik-yok","status":"publish","type":"post","link":"https:\/\/haberbesiktas.tr\/?p=35841","title":{"rendered":"Okan Buruk&#8217;tan derbide de\u011fi\u015fiklik yok!"},"content":{"rendered":"<div>Trendyol \u00dcst\u00fcn Lig&#8217;in 29. haftas\u0131ndaki derbide Be\u015fikta\u015f&#8217;a konuk olan Galatasaray&#8217;\u0131n teknik y\u00f6neticisi Okan Buruk, son ma\u00e7\u0131n birinci 11&#8217;ini korudu.<\/p>\n<p> Ligde geride kalan 27 kar\u015f\u0131la\u015fmada 22 galibiyet ve 5 beraberlikle nama\u011flup liderlik koltu\u011funda oturan sar\u0131-k\u0131rm\u0131z\u0131l\u0131 kadro, T\u00fcpra\u015f Stad\u0131&#8217;nda Be\u015fikta\u015f ile kar\u015f\u0131la\u015ft\u0131.<\/p>\n<p> Teknik y\u00f6netici Okan Buruk, kritik kar\u015f\u0131la\u015fmaya Fernando Muslera, Przemyslaw Frankowski, Davinson Sanchez, Abd\u00fclkerim Bardakc\u0131, Eren Elmal\u0131, Lucas Torreira, Gabriel Sara, Yunus Akg\u00fcn, Alvaro Morata, Bar\u0131\u015f Alper Y\u0131lmaz, Victor Osimhen birinci 11&#8217;ini \u00e7\u0131kard\u0131.<\/p>\n<p> Deneyimli teknik adam, G\u00fcnay G\u00fcven\u00e7, Kerem Demirbay, Dries Mertens, Berkan Kutlu, Ahmed Kutucu, Kaan Ayhan, Carlos Cuesta, Yusuf Demir, Metehan Baltac\u0131, Mario Lemina&#8217;y\u0131 yedek kul\u00fcbesinde bekletti.<\/p>\n<p> Okan Buruk, ligin 28. haftas\u0131nda 4-0 kazand\u0131klar\u0131 Onvo Antalyaspor ma\u00e7\u0131n\u0131n birinci 11&#8217;inde de\u011fi\u015fiklik yapmad\u0131.<\/p>\n<\/div>\n<p><\/p>\n","protected":false},"excerpt":{"rendered":"<p>Galatasaray Teknik Y\u00f6neticisi Okan Buruk, Be\u015fikta\u015f derbisinde Antalyaspor ma\u00e7\u0131na nazaran tak\u0131mda de\u011fi\u015fiklik yapmad\u0131.<\/p>\n","protected":false},"author":1,"featured_media":35842,"comment_status":"open","ping_status":"open","sticky":false,"template":"","format":"standard","meta":{"footnotes":""},"categories":[25],"tags":[],"class_list":["post-35841","post","type-post","status-publish","format-standard","has-post-thumbnail","hentry","category-futbol"],"_links":{"self":[{"href":"https:\/\/haberbesiktas.tr\/index.php?rest_route=\/wp\/v2\/posts\/35841","targetHints":{"allow":["GET"]}}],"collection":[{"href":"https:\/\/haberbesiktas.tr\/index.php?rest_route=\/wp\/v2\/posts"}],"about":[{"href":"https:\/\/haberbesiktas.tr\/index.php?rest_route=\/wp\/v2\/types\/post"}],"author":[{"embeddable":true,"href":"https:\/\/haberbesiktas.tr\/index.php?rest_route=\/wp\/v2\/users\/1"}],"replies":[{"embeddable":true,"href":"https:\/\/haberbesiktas.tr\/index.php?rest_route=%2Fwp%2Fv2%2Fcomments&post=35841"}],"version-history":[{"count":1,"href":"https:\/\/haberbesiktas.tr\/index.php?rest_route=\/wp\/v2\/posts\/35841\/revisions"}],"predecessor-version":[{"id":35843,"href":"https:\/\/haberbesiktas.tr\/index.php?rest_route=\/wp\/v2\/posts\/35841\/revisions\/35843"}],"wp:featuredmedia":[{"embeddable":true,"href":"https:\/\/haberbesiktas.tr\/index.php?rest_route=\/wp\/v2\/media\/35842"}],"wp:attachment":[{"href":"https:\/\/haberbesiktas.tr\/index.php?rest_route=%2Fwp%2Fv2%2Fmedia&parent=35841"}],"wp:term":[{"taxonomy":"category","embeddable":true,"href":"https:\/\/haberbesiktas.tr\/index.php?rest_route=%2Fwp%2Fv2%2Fcategories&post=35841"},{"taxonomy":"post_tag","embeddable":true,"href":"https:\/\/haberbesiktas.tr\/index.php?rest_route=%2Fwp%2Fv2%2Ftags&post=35841"}],"curies":[{"name":"wp","href":"https:\/\/api.w.org\/{rel}","templated":true}]}}