{"id":35844,"date":"2025-06-09T23:48:08","date_gmt":"2025-06-09T23:48:08","guid":{"rendered":"https:\/\/haberbesiktas.tr\/?p=35844"},"modified":"2025-06-09T23:48:08","modified_gmt":"2025-06-09T23:48:08","slug":"galatasaray-taraftari-takimi-yalniz-birakmadi","status":"publish","type":"post","link":"https:\/\/haberbesiktas.tr\/?p=35844","title":{"rendered":"Galatasaray taraftar\u0131 tak\u0131m\u0131 yaln\u0131z b\u0131rakmad\u0131"},"content":{"rendered":"<div>Galatasarayl\u0131 taraftarlar, Be\u015fikta\u015f derbisinde Dolmabah\u00e7e&#8217;de gruplar\u0131n\u0131 destekledi.<\/p>\n<p> Ak\u015fam saatlerinde Taksim&#8217;deki Seyahat Park\u0131&#8217;nda toplanan taraftarlar, geni\u015f g\u00fcvenlik tedbirleri e\u015fli\u011finde T\u00fcpra\u015f Stad\u0131&#8217;na getirildi.<\/p>\n<p> Konuk kadro trib\u00fcn\u00fcndeki yakla\u015f\u0131k 2 bin sar\u0131-k\u0131rm\u0131z\u0131l\u0131 taraftar, gruplar\u0131na Be\u015fikta\u015f kar\u015f\u0131s\u0131nda takviye verdi.<\/p>\n<\/div>\n<p><\/p>\n","protected":false},"excerpt":{"rendered":"<p>Galatasarayl\u0131 taraftarlar, Be\u015fikta\u015f deplasman\u0131nda kadrolar\u0131n\u0131 yaln\u0131z b\u0131rakmad\u0131.<\/p>\n","protected":false},"author":1,"featured_media":35845,"comment_status":"open","ping_status":"open","sticky":false,"template":"","format":"standard","meta":{"footnotes":""},"categories":[25],"tags":[],"class_list":["post-35844","post","type-post","status-publish","format-standard","has-post-thumbnail","hentry","category-futbol"],"_links":{"self":[{"href":"https:\/\/haberbesiktas.tr\/index.php?rest_route=\/wp\/v2\/posts\/35844","targetHints":{"allow":["GET"]}}],"collection":[{"href":"https:\/\/haberbesiktas.tr\/index.php?rest_route=\/wp\/v2\/posts"}],"about":[{"href":"https:\/\/haberbesiktas.tr\/index.php?rest_route=\/wp\/v2\/types\/post"}],"author":[{"embeddable":true,"href":"https:\/\/haberbesiktas.tr\/index.php?rest_route=\/wp\/v2\/users\/1"}],"replies":[{"embeddable":true,"href":"https:\/\/haberbesiktas.tr\/index.php?rest_route=%2Fwp%2Fv2%2Fcomments&post=35844"}],"version-history":[{"count":1,"href":"https:\/\/haberbesiktas.tr\/index.php?rest_route=\/wp\/v2\/posts\/35844\/revisions"}],"predecessor-version":[{"id":35846,"href":"https:\/\/haberbesiktas.tr\/index.php?rest_route=\/wp\/v2\/posts\/35844\/revisions\/35846"}],"wp:featuredmedia":[{"embeddable":true,"href":"https:\/\/haberbesiktas.tr\/index.php?rest_route=\/wp\/v2\/media\/35845"}],"wp:attachment":[{"href":"https:\/\/haberbesiktas.tr\/index.php?rest_route=%2Fwp%2Fv2%2Fmedia&parent=35844"}],"wp:term":[{"taxonomy":"category","embeddable":true,"href":"https:\/\/haberbesiktas.tr\/index.php?rest_route=%2Fwp%2Fv2%2Fcategories&post=35844"},{"taxonomy":"post_tag","embeddable":true,"href":"https:\/\/haberbesiktas.tr\/index.php?rest_route=%2Fwp%2Fv2%2Ftags&post=35844"}],"curies":[{"name":"wp","href":"https:\/\/api.w.org\/{rel}","templated":true}]}}