{"id":35847,"date":"2025-06-10T00:00:11","date_gmt":"2025-06-10T00:00:11","guid":{"rendered":"https:\/\/haberbesiktas.tr\/?p=35847"},"modified":"2025-06-10T00:00:11","modified_gmt":"2025-06-10T00:00:11","slug":"ole-gunnar-solskjaerden-uc-degisiklik","status":"publish","type":"post","link":"https:\/\/haberbesiktas.tr\/?p=35847","title":{"rendered":"Ole Gunnar Solskjaer&#8217;den \u00fc\u00e7 de\u011fi\u015fiklik"},"content":{"rendered":"<div>Trendyol Muhte\u015fem Lig&#8217;in 29. haftas\u0131nda Galatasaray&#8217;\u0131 konuk eden Be\u015fikta\u015f&#8217;ta teknik y\u00f6netici Ole Gunnar Solskjaer, son oynad\u0131klar\u0131 ma\u00e7\u0131n birinci 11&#8217;inde \u00fc\u00e7 de\u011fi\u015fiklik yapt\u0131.<\/p>\n<p> Siyah-beyazl\u0131 futbol ekibi, T\u00fcpra\u015f Stad\u0131&#8217;nda oynanan kar\u015f\u0131la\u015fmaya Mert G\u00fcnok, Jonas Svensson, Gabriel Paulista, Emirhan Top\u00e7u, Arthur Masuaku, Gedson Fernandes, Alex Oxlade-Chamberlain, Milot Rashica, Joao Mario, Ernest Mu\u00e7i ve Rafa Silva ile ba\u015flad\u0131.<\/p>\n<p> Be\u015fikta\u015f&#8217;\u0131n yedek kul\u00fcbesinde Ersin Destano\u011flu, Onur Bulut, Tayyip Talha Sanu\u00e7, Amir Hadziahmetovic, Salih U\u00e7an, Semih K\u0131l\u0131\u00e7soy, Keny Arroyo, Ciro Immobile, Fahri Kerem Ay ve Mustafa Hekimo\u011flu yer ald\u0131.<\/p>\n<p> Norve\u00e7li teknik adam, Harika Lig&#8217;in 28. haftas\u0131nda Konyaspor&#8217;a 1-0 kaybettikleri \u00e7abaya birinci 11&#8217;de ba\u015flayan oyunculardan Tayyip Talha Sanu\u00e7&#8217;un yerine sa\u011f bekte Jonas Svensson&#8217;a, savunman\u0131n ortas\u0131nda ise sakatlanan Felix Uduokhai&#8217;nin yerine ise Emirhan Top\u00e7u&#8217;ya forma verdi.<\/p>\n<p> Golc\u00fc oyuncu Ciro Immobile&#8217;yi kul\u00fcbeye \u00e7eken Solskjaer, Konyaspor ma\u00e7\u0131nda sonradan oyuna giren Ernest Mu\u00e7i&#8217;yi ise Galatasaray kar\u015f\u0131s\u0131nda birinci 11&#8217;de g\u00f6revlendirdi.<\/p>\n<p> Tecr\u00fcbeli teknik adam\u0131n, sar\u0131-k\u0131rm\u0131z\u0131l\u0131 kadro kar\u015f\u0131s\u0131nda forvet b\u00f6lgesinde santrfor orijinli bir oyuncuyu oynatmamas\u0131 dikkati \u00e7ekti.<\/p>\n<\/div>\n<p><\/p>\n","protected":false},"excerpt":{"rendered":"<p>Be\u015fikta\u015f Teknik Y\u00f6neticisi Ole Gunnar Solskjaer, Konyaspor ma\u00e7\u0131na nazaran Galatasaray derbisinde tak\u0131mda 3 de\u011fi\u015fiklik yapt\u0131.<\/p>\n","protected":false},"author":1,"featured_media":35848,"comment_status":"open","ping_status":"open","sticky":false,"template":"","format":"standard","meta":{"footnotes":""},"categories":[25],"tags":[],"class_list":["post-35847","post","type-post","status-publish","format-standard","has-post-thumbnail","hentry","category-futbol"],"_links":{"self":[{"href":"https:\/\/haberbesiktas.tr\/index.php?rest_route=\/wp\/v2\/posts\/35847","targetHints":{"allow":["GET"]}}],"collection":[{"href":"https:\/\/haberbesiktas.tr\/index.php?rest_route=\/wp\/v2\/posts"}],"about":[{"href":"https:\/\/haberbesiktas.tr\/index.php?rest_route=\/wp\/v2\/types\/post"}],"author":[{"embeddable":true,"href":"https:\/\/haberbesiktas.tr\/index.php?rest_route=\/wp\/v2\/users\/1"}],"replies":[{"embeddable":true,"href":"https:\/\/haberbesiktas.tr\/index.php?rest_route=%2Fwp%2Fv2%2Fcomments&post=35847"}],"version-history":[{"count":1,"href":"https:\/\/haberbesiktas.tr\/index.php?rest_route=\/wp\/v2\/posts\/35847\/revisions"}],"predecessor-version":[{"id":35849,"href":"https:\/\/haberbesiktas.tr\/index.php?rest_route=\/wp\/v2\/posts\/35847\/revisions\/35849"}],"wp:featuredmedia":[{"embeddable":true,"href":"https:\/\/haberbesiktas.tr\/index.php?rest_route=\/wp\/v2\/media\/35848"}],"wp:attachment":[{"href":"https:\/\/haberbesiktas.tr\/index.php?rest_route=%2Fwp%2Fv2%2Fmedia&parent=35847"}],"wp:term":[{"taxonomy":"category","embeddable":true,"href":"https:\/\/haberbesiktas.tr\/index.php?rest_route=%2Fwp%2Fv2%2Fcategories&post=35847"},{"taxonomy":"post_tag","embeddable":true,"href":"https:\/\/haberbesiktas.tr\/index.php?rest_route=%2Fwp%2Fv2%2Ftags&post=35847"}],"curies":[{"name":"wp","href":"https:\/\/api.w.org\/{rel}","templated":true}]}}