{"id":35850,"date":"2025-06-10T00:12:12","date_gmt":"2025-06-10T00:12:12","guid":{"rendered":"https:\/\/haberbesiktas.tr\/?p=35850"},"modified":"2025-06-10T00:12:12","modified_gmt":"2025-06-10T00:12:12","slug":"besiktas-galatasaray-derbisi-kapali-gise","status":"publish","type":"post","link":"https:\/\/haberbesiktas.tr\/?p=35850","title":{"rendered":"Be\u015fikta\u015f &#8211; Galatasaray derbisi kapal\u0131 gi\u015fe"},"content":{"rendered":"<div>S\u00fcper Lig&#8217;in 29. haftas\u0131nda oynanan Be\u015fikta\u015f-Galatasaray derbisinde siyah-beyazl\u0131 taraftarlar t\u00fcm stad\u0131 doldurdu.<\/p>\n<p> Be\u015fikta\u015fl\u0131 taraftarlar gayrete b\u00fcy\u00fck ilgi g\u00f6sterdi ve m\u00fcsabaka kapal\u0131 gi\u015fe oynand\u0131.<\/p>\n<p> Sar\u0131-k\u0131rm\u0131z\u0131l\u0131 taraftarlar da kendilerine ayr\u0131lan deplasman trib\u00fcn\u00fcn\u00fcn tamam\u0131n\u0131 doldururken, ma\u00e7 \u00f6ncesinde kadrolar\u0131na takviye verdi.<\/p>\n<\/div>\n<p><\/p>\n","protected":false},"excerpt":{"rendered":"<p>Be\u015fikta\u015f ile Galatasaray ortas\u0131ndaki derbi kapal\u0131 gi\u015fe oynand\u0131.<\/p>\n","protected":false},"author":1,"featured_media":35851,"comment_status":"open","ping_status":"open","sticky":false,"template":"","format":"standard","meta":{"footnotes":""},"categories":[25],"tags":[],"class_list":["post-35850","post","type-post","status-publish","format-standard","has-post-thumbnail","hentry","category-futbol"],"_links":{"self":[{"href":"https:\/\/haberbesiktas.tr\/index.php?rest_route=\/wp\/v2\/posts\/35850","targetHints":{"allow":["GET"]}}],"collection":[{"href":"https:\/\/haberbesiktas.tr\/index.php?rest_route=\/wp\/v2\/posts"}],"about":[{"href":"https:\/\/haberbesiktas.tr\/index.php?rest_route=\/wp\/v2\/types\/post"}],"author":[{"embeddable":true,"href":"https:\/\/haberbesiktas.tr\/index.php?rest_route=\/wp\/v2\/users\/1"}],"replies":[{"embeddable":true,"href":"https:\/\/haberbesiktas.tr\/index.php?rest_route=%2Fwp%2Fv2%2Fcomments&post=35850"}],"version-history":[{"count":1,"href":"https:\/\/haberbesiktas.tr\/index.php?rest_route=\/wp\/v2\/posts\/35850\/revisions"}],"predecessor-version":[{"id":35852,"href":"https:\/\/haberbesiktas.tr\/index.php?rest_route=\/wp\/v2\/posts\/35850\/revisions\/35852"}],"wp:featuredmedia":[{"embeddable":true,"href":"https:\/\/haberbesiktas.tr\/index.php?rest_route=\/wp\/v2\/media\/35851"}],"wp:attachment":[{"href":"https:\/\/haberbesiktas.tr\/index.php?rest_route=%2Fwp%2Fv2%2Fmedia&parent=35850"}],"wp:term":[{"taxonomy":"category","embeddable":true,"href":"https:\/\/haberbesiktas.tr\/index.php?rest_route=%2Fwp%2Fv2%2Fcategories&post=35850"},{"taxonomy":"post_tag","embeddable":true,"href":"https:\/\/haberbesiktas.tr\/index.php?rest_route=%2Fwp%2Fv2%2Ftags&post=35850"}],"curies":[{"name":"wp","href":"https:\/\/api.w.org\/{rel}","templated":true}]}}