{"id":35856,"date":"2025-06-10T00:36:10","date_gmt":"2025-06-10T00:36:10","guid":{"rendered":"https:\/\/haberbesiktas.tr\/?p=35856"},"modified":"2025-06-10T00:36:10","modified_gmt":"2025-06-10T00:36:10","slug":"var-uyardi-przemyslaw-frankowski-kirmizi-kart-gordu","status":"publish","type":"post","link":"https:\/\/haberbesiktas.tr\/?p=35856","title":{"rendered":"VAR uyard\u0131, Przemyslaw Frankowski k\u0131rm\u0131z\u0131 kart g\u00f6rd\u00fc!"},"content":{"rendered":"<div>S\u00fcper Lig&#8217;de Be\u015fikta\u015f&#8217;\u0131n Galatasaray&#8217;\u0131 a\u011f\u0131rlad\u0131\u011f\u0131 ma\u00e7ta sar\u0131-k\u0131rm\u0131z\u0131l\u0131lar 10 ki\u015fi kald\u0131.<\/p>\n<p> Ma\u00e7\u0131n 34. dakikas\u0131nda Ernest Mu\u00e7i, Przemyslaw Frankowski&#8217;nin m\u00fcdahalesinin akabinde yerde kald\u0131. Hakem Yasin Kol, Przemyslaw Frankowski&#8217;ye sar\u0131 kart \u00e7\u0131kard\u0131.<\/p>\n<p> VAR&#8217;da vazife yapan Polonyal\u0131 hakem Pawel Pskit, Yasin Kol&#8217;u durumu izlemesi i\u00e7in \u00e7a\u011f\u0131rd\u0131. Konumu izleyen Yasin Kol, Przemyslaw Frankowski&#8217;ye \u00e7\u0131kard\u0131\u011f\u0131 sar\u0131 kart\u0131 iptal etti ve daha sonra k\u0131rm\u0131z\u0131 kar g\u00f6sterdi.<\/p>\n<p><strong>URS MEIER&#8217;DEN B\u0130R\u0130NC\u0130 YORUM<\/strong><\/p>\n<p> Urs Meier, 25. dakikada Frankowski&#8217;nin ta\u00e7 \u00e7izgisiyle kale \u00e7izgisinin bulundu\u011fu k\u00f6\u015fede Mu\u00e7i&#8217;ye yapt\u0131\u011f\u0131 faul i\u00e7in de sar\u0131 kart olmas\u0131 gerekti\u011fini s\u00f6yledi.<\/p>\n<p> Urs Meier, &#8220;Be\u015fikta\u015f&#8217;\u0131n tehlike yaratabilece\u011fi bir ata\u011f\u0131 \u00f6nledi\u011fi i\u00e7in Ernest Mu\u00e7i&#8217;ye yap\u0131lan faulde rakip oyuncuya sar\u0131 kart verilmeliydi.&#8221; yorumunu yapt\u0131.<\/p>\n<p><img decoding=\"async\" src=\"https:\/\/haberbesiktas.tr\/wp-content\/uploads\/2025\/06\/var-uyardi-przemyslaw-frankowski-kirmizi-kart-gordu-0-RBJYRk22.jpg\"\/><\/p>\n<\/div>\n<p><\/p>\n","protected":false},"excerpt":{"rendered":"<p>Be\u015fikta\u015f &#8211; Galatasaray derbisinde Polonyal\u0131 VAR gakemi Yasin Kol&#8217;u uyard\u0131. Przemyslaw Frankowski oyundan at\u0131ld\u0131.<\/p>\n","protected":false},"author":1,"featured_media":35857,"comment_status":"open","ping_status":"open","sticky":false,"template":"","format":"standard","meta":{"footnotes":""},"categories":[25],"tags":[81,605],"class_list":["post-35856","post","type-post","status-publish","format-standard","has-post-thumbnail","hentry","category-futbol","tag-kar","tag-sari"],"_links":{"self":[{"href":"https:\/\/haberbesiktas.tr\/index.php?rest_route=\/wp\/v2\/posts\/35856","targetHints":{"allow":["GET"]}}],"collection":[{"href":"https:\/\/haberbesiktas.tr\/index.php?rest_route=\/wp\/v2\/posts"}],"about":[{"href":"https:\/\/haberbesiktas.tr\/index.php?rest_route=\/wp\/v2\/types\/post"}],"author":[{"embeddable":true,"href":"https:\/\/haberbesiktas.tr\/index.php?rest_route=\/wp\/v2\/users\/1"}],"replies":[{"embeddable":true,"href":"https:\/\/haberbesiktas.tr\/index.php?rest_route=%2Fwp%2Fv2%2Fcomments&post=35856"}],"version-history":[{"count":1,"href":"https:\/\/haberbesiktas.tr\/index.php?rest_route=\/wp\/v2\/posts\/35856\/revisions"}],"predecessor-version":[{"id":35859,"href":"https:\/\/haberbesiktas.tr\/index.php?rest_route=\/wp\/v2\/posts\/35856\/revisions\/35859"}],"wp:featuredmedia":[{"embeddable":true,"href":"https:\/\/haberbesiktas.tr\/index.php?rest_route=\/wp\/v2\/media\/35857"}],"wp:attachment":[{"href":"https:\/\/haberbesiktas.tr\/index.php?rest_route=%2Fwp%2Fv2%2Fmedia&parent=35856"}],"wp:term":[{"taxonomy":"category","embeddable":true,"href":"https:\/\/haberbesiktas.tr\/index.php?rest_route=%2Fwp%2Fv2%2Fcategories&post=35856"},{"taxonomy":"post_tag","embeddable":true,"href":"https:\/\/haberbesiktas.tr\/index.php?rest_route=%2Fwp%2Fv2%2Ftags&post=35856"}],"curies":[{"name":"wp","href":"https:\/\/api.w.org\/{rel}","templated":true}]}}