{"id":35874,"date":"2025-06-10T01:24:10","date_gmt":"2025-06-10T01:24:10","guid":{"rendered":"https:\/\/haberbesiktas.tr\/?p=35874"},"modified":"2025-06-10T01:24:10","modified_gmt":"2025-06-10T01:24:10","slug":"besiktas-evinde-derbi-kaybetmedi","status":"publish","type":"post","link":"https:\/\/haberbesiktas.tr\/?p=35874","title":{"rendered":"Be\u015fikta\u015f, evinde derbi kaybetmedi!"},"content":{"rendered":"<div>Trendyol \u00dcst\u00fcn Lig&#8217;in 29. haftas\u0131nda Be\u015fikta\u015f ile Galatasaray kar\u015f\u0131 kar\u015f\u0131ya geldi.<\/p>\n<p> T\u00fcpra\u015f Stadyumu&#8217;nda oynanan ma\u00e7ta Be\u015fikta\u015f, Galatasaray&#8217;\u0131 2-1 ma\u011flup etti.<\/p>\n<p> Bu sonu\u00e7la birlikte Be\u015fikta\u015f, bu d\u00f6nem meskeninde oynad\u0131\u011f\u0131 3 derbide de alandan galibiyetle\u00a0ayr\u0131ld\u0131.<\/p>\n<p> Be\u015fikta\u015f&#8217;\u0131n konutunda oynad\u0131\u011f\u0131 derbilerde ald\u0131\u011f\u0131 skorla \u015fu halde:<\/p>\n<p> Be\u015fikta\u015f 1-0 Fenerbah\u00e7e<br \/>Be\u015fikta\u015f 2-1 Trabzonspor<br \/>Be\u015fikta\u015f 2-1 Galatasaray<\/p>\n<\/div>\n<p><\/p>\n","protected":false},"excerpt":{"rendered":"<p>Be\u015fikta\u015f, Trendyol Harika Lig&#8217;in 29. haftas\u0131nda Galatasaray&#8217;\u0131 2-1 ma\u011flup etti ve alan\u0131nda oynad\u0131\u011f\u0131 t\u00fcm derbileri kazanm\u0131\u015f oldu.<\/p>\n","protected":false},"author":1,"featured_media":35875,"comment_status":"open","ping_status":"open","sticky":false,"template":"","format":"standard","meta":{"footnotes":""},"categories":[25],"tags":[71],"class_list":["post-35874","post","type-post","status-publish","format-standard","has-post-thumbnail","hentry","category-futbol","tag-besiktas"],"_links":{"self":[{"href":"https:\/\/haberbesiktas.tr\/index.php?rest_route=\/wp\/v2\/posts\/35874","targetHints":{"allow":["GET"]}}],"collection":[{"href":"https:\/\/haberbesiktas.tr\/index.php?rest_route=\/wp\/v2\/posts"}],"about":[{"href":"https:\/\/haberbesiktas.tr\/index.php?rest_route=\/wp\/v2\/types\/post"}],"author":[{"embeddable":true,"href":"https:\/\/haberbesiktas.tr\/index.php?rest_route=\/wp\/v2\/users\/1"}],"replies":[{"embeddable":true,"href":"https:\/\/haberbesiktas.tr\/index.php?rest_route=%2Fwp%2Fv2%2Fcomments&post=35874"}],"version-history":[{"count":1,"href":"https:\/\/haberbesiktas.tr\/index.php?rest_route=\/wp\/v2\/posts\/35874\/revisions"}],"predecessor-version":[{"id":35876,"href":"https:\/\/haberbesiktas.tr\/index.php?rest_route=\/wp\/v2\/posts\/35874\/revisions\/35876"}],"wp:featuredmedia":[{"embeddable":true,"href":"https:\/\/haberbesiktas.tr\/index.php?rest_route=\/wp\/v2\/media\/35875"}],"wp:attachment":[{"href":"https:\/\/haberbesiktas.tr\/index.php?rest_route=%2Fwp%2Fv2%2Fmedia&parent=35874"}],"wp:term":[{"taxonomy":"category","embeddable":true,"href":"https:\/\/haberbesiktas.tr\/index.php?rest_route=%2Fwp%2Fv2%2Fcategories&post=35874"},{"taxonomy":"post_tag","embeddable":true,"href":"https:\/\/haberbesiktas.tr\/index.php?rest_route=%2Fwp%2Fv2%2Ftags&post=35874"}],"curies":[{"name":"wp","href":"https:\/\/api.w.org\/{rel}","templated":true}]}}