{"id":35935,"date":"2025-06-10T05:12:08","date_gmt":"2025-06-10T05:12:08","guid":{"rendered":"https:\/\/haberbesiktas.tr\/?p=35935"},"modified":"2025-06-10T05:12:08","modified_gmt":"2025-06-10T05:12:08","slug":"19-yas-alti-futsal-milli-takimi-tarihinde-ilki-yasayacak","status":"publish","type":"post","link":"https:\/\/haberbesiktas.tr\/?p=35935","title":{"rendered":"19 Ya\u015f Alt\u0131 Futsal Milli Tak\u0131m\u0131 tarihinde ilki\u00a0ya\u015fayacak"},"content":{"rendered":"<p>19 Ya\u015f Alt\u0131 Ulusal Futsal Ekibi, 2025 Avrupa \u015eampiyonas\u0131 Eleme Tipi son ma\u00e7\u0131nda Azerbaycan&#8217;\u0131 3-1 ma\u011flup etti ve finallere kat\u0131lmaya hak kazand\u0131.<\/p>\n<p> Ulusallar, H\u0131rvatistan&#8217;da d\u00fczenlenen eleme cinsinde Azerbaycan ile kar\u015f\u0131 kar\u015f\u0131ya geldi.<\/p>\n<p> Ay-y\u0131ld\u0131zl\u0131lar, Ahmet K\u00f6ksal, Ege Bilim ve Recep \u0130nan\u00e7&#8217;\u0131n kaydetti\u011fi gollerle kar\u015f\u0131la\u015fmadan 3-1 \u00fcst\u00fcn ayr\u0131ld\u0131. Bu sonu\u00e7la puan\u0131n\u0131 7&#8217;ye \u00e7\u0131karan T\u00fcrkiye, 7. K\u00fcmesi \u00f6nder tamamlad\u0131 ve tarihinde birinci sefer Avrupa \u015eampiyonas\u0131 bileti ald\u0131.<\/p>\n<p> Ulusal ekip, k\u00fcmede \u00e7\u0131kt\u0131\u011f\u0131 \u00f6b\u00fcr kar\u015f\u0131la\u015fmalarda Bosna Hersek&#8217;i 4-3 ma\u011flup ederken, H\u0131rvatistan ile de 3-3 berabere kald\u0131.<\/p>\n<p> 19 Ya\u015f Alt\u0131 Avrupa Futsal \u015eampiyonas\u0131, 28 Eyl\u00fcl-5 Ekim tarihlerinde Moldova&#8217;n\u0131n ba\u015f\u015fehri Ki\u015finev&#8217;de d\u00fczenlenecek.<\/p>\n","protected":false},"excerpt":{"rendered":"<p>Eleme tipindeki son ma\u00e7\u0131nda Azerbaycan&#8217;\u0131 3-1 yenen ulusallar, k\u00fcmesi 7 puanla \u00f6nder tamamlad\u0131 ve Avrupa \u015eampiyonas\u0131 bileti ald\u0131.<\/p>\n","protected":false},"author":1,"featured_media":35936,"comment_status":"open","ping_status":"open","sticky":false,"template":"","format":"standard","meta":{"footnotes":""},"categories":[27],"tags":[],"class_list":["post-35935","post","type-post","status-publish","format-standard","has-post-thumbnail","hentry","category-guncel-haberler"],"_links":{"self":[{"href":"https:\/\/haberbesiktas.tr\/index.php?rest_route=\/wp\/v2\/posts\/35935","targetHints":{"allow":["GET"]}}],"collection":[{"href":"https:\/\/haberbesiktas.tr\/index.php?rest_route=\/wp\/v2\/posts"}],"about":[{"href":"https:\/\/haberbesiktas.tr\/index.php?rest_route=\/wp\/v2\/types\/post"}],"author":[{"embeddable":true,"href":"https:\/\/haberbesiktas.tr\/index.php?rest_route=\/wp\/v2\/users\/1"}],"replies":[{"embeddable":true,"href":"https:\/\/haberbesiktas.tr\/index.php?rest_route=%2Fwp%2Fv2%2Fcomments&post=35935"}],"version-history":[{"count":1,"href":"https:\/\/haberbesiktas.tr\/index.php?rest_route=\/wp\/v2\/posts\/35935\/revisions"}],"predecessor-version":[{"id":35937,"href":"https:\/\/haberbesiktas.tr\/index.php?rest_route=\/wp\/v2\/posts\/35935\/revisions\/35937"}],"wp:featuredmedia":[{"embeddable":true,"href":"https:\/\/haberbesiktas.tr\/index.php?rest_route=\/wp\/v2\/media\/35936"}],"wp:attachment":[{"href":"https:\/\/haberbesiktas.tr\/index.php?rest_route=%2Fwp%2Fv2%2Fmedia&parent=35935"}],"wp:term":[{"taxonomy":"category","embeddable":true,"href":"https:\/\/haberbesiktas.tr\/index.php?rest_route=%2Fwp%2Fv2%2Fcategories&post=35935"},{"taxonomy":"post_tag","embeddable":true,"href":"https:\/\/haberbesiktas.tr\/index.php?rest_route=%2Fwp%2Fv2%2Ftags&post=35935"}],"curies":[{"name":"wp","href":"https:\/\/api.w.org\/{rel}","templated":true}]}}