{"id":35950,"date":"2025-06-10T06:24:33","date_gmt":"2025-06-10T06:24:33","guid":{"rendered":"https:\/\/haberbesiktas.tr\/?p=35950"},"modified":"2025-06-10T06:24:33","modified_gmt":"2025-06-10T06:24:33","slug":"mustafa-denizli-galatasaray-sirat-koprusunden-gececek","status":"publish","type":"post","link":"https:\/\/haberbesiktas.tr\/?p=35950","title":{"rendered":"Mustafa Denizli: &#8220;Galatasaray s\u0131rat k\u00f6pr\u00fcs\u00fcnden ge\u00e7ecek&#8221;"},"content":{"rendered":"<div>Trendyol \u00dcst\u00fcn Lig&#8217;in 29. haftas\u0131nda Be\u015fikta\u015f, alan\u0131nda Galatasaray&#8217;\u0131 2-1 ma\u011flup etti. Bu sonu\u00e7la Fenerbah\u00e7e&#8217;nin kazand\u0131\u011f\u0131 haftada puan kaybeden Galatasaray, ezeli rakibiyle ortas\u0131ndaki fark\u0131n 1 ma\u00e7 ziyadesiyle 6 puana inmesine p\u00fcr\u00fcz olamad\u0131.\u00a0<\/p>\n<p>Mustafa Denizli, iki grup ortas\u0131ndaki m\u00fcsabakay\u0131 k\u0131ymetlendirdi ve \u015fampiyonluk bahtlar\u0131n\u0131 k\u0131ymetlendirdi.\u00a0<\/p>\n<p><strong>&#8220;HAK EDEN\u0130N ALDI\u011eI B\u0130R SONU\u00c7&#8221;<\/strong><\/p>\n<p>Denizli, <strong>&#8220;\u00d6n\u00fcm\u00fczdeki haftalarda hakem tart\u0131\u015fmas\u0131n\u0131 bitirdi. Bizim de savundu\u011fumuz hakemler i\u00e7in g\u00fczel bir \u00f6rnek oldu. Yasin Kol bana nazaran bir yan\u0131lg\u0131yla ma\u00e7\u0131 bitirdi. Yani ikinci yar\u0131da \u00e7\u0131karmas\u0131 gereken bir sar\u0131 kart ki bu ikinci sar\u0131 kart olurdu. Yaln\u0131zca Masuaku&#8217;nun gerisinde kald\u0131 g\u00f6remedi onun d\u0131\u015f\u0131ndaki k\u0131rm\u0131z\u0131 kart durumlar\u0131 hakem i\u00e7in s\u0131k\u0131nt\u0131 durumlar. Be\u015fikta\u015f ba\u015f\u0131nda bu ma\u00e7ta gol yapmay\u0131 d\u00fc\u015f\u00fcnd\u00fc bu ma\u00e7\u0131n sonucu hi\u00e7bir halde hak etmeyenin ald\u0131\u011f\u0131 bir sonu\u00e7 de\u011fil hak edenin ald\u0131\u011f\u0131 bir sonu\u00e7.&#8221; <\/strong>dedi.<\/p>\n<p> <strong>&#8220;SIRAT K\u00d6PR\u00dcS\u00dcNDEN GE\u00c7ECEKLER&#8221;<\/strong><\/p>\n<p>Denizli, <strong>&#8220;\u00d6n\u00fcm\u00fczdeki haftalarda Galatasaray art\u0131k s\u0131rat k\u00f6pr\u00fcs\u00fcnden ge\u00e7ecek. Yani epeyce s\u0131k\u0131nt\u0131 d\u0131\u015f saha ve i\u00e7 saha ma\u00e7lar\u0131 var m\u00fcnasebetiyle bu ruhsal olarak Galatasaray&#8217;\u0131 rahats\u0131z edebilir ensesinde olan Fenerbah\u00e7e, Galatasaray&#8217;\u0131n puan kaybetmesi halinde neredeyse bundan sonraki ma\u00e7larda e\u015fit bahta sahip olarak gayret edebilir. Bu ma\u00e7 yaln\u0131zca Be\u015fikta\u015f&#8217;\u0131n galibiyeti de\u011fil ligin ak\u0131\u015f\u0131n\u0131 de\u011fi\u015ftirebilecek bir ma\u00e7.&#8221;<\/strong> tabirlerini kulland\u0131.<\/p>\n<\/div>\n<p><\/p>\n","protected":false},"excerpt":{"rendered":"<p>Muhte\u015fem Lig&#8217;in 29. haftas\u0131ndaki derbi akr\u015f\u0131la\u015fmas\u0131nda Be\u015fikta\u015f, meskeninde Galatasaray&#8217;\u0131 2-1 yendi. HT Spor ekranlar\u0131ndaki Derbi \u00d6zel program\u0131nda Mustafa Denizli ma\u00e7\u0131 k\u0131ymetlendirdi.<\/p>\n","protected":false},"author":1,"featured_media":35951,"comment_status":"open","ping_status":"open","sticky":false,"template":"","format":"standard","meta":{"footnotes":""},"categories":[25],"tags":[129,63,50],"class_list":["post-35950","post","type-post","status-publish","format-standard","has-post-thumbnail","hentry","category-futbol","tag-galatasaray","tag-hak","tag-mac"],"_links":{"self":[{"href":"https:\/\/haberbesiktas.tr\/index.php?rest_route=\/wp\/v2\/posts\/35950","targetHints":{"allow":["GET"]}}],"collection":[{"href":"https:\/\/haberbesiktas.tr\/index.php?rest_route=\/wp\/v2\/posts"}],"about":[{"href":"https:\/\/haberbesiktas.tr\/index.php?rest_route=\/wp\/v2\/types\/post"}],"author":[{"embeddable":true,"href":"https:\/\/haberbesiktas.tr\/index.php?rest_route=\/wp\/v2\/users\/1"}],"replies":[{"embeddable":true,"href":"https:\/\/haberbesiktas.tr\/index.php?rest_route=%2Fwp%2Fv2%2Fcomments&post=35950"}],"version-history":[{"count":1,"href":"https:\/\/haberbesiktas.tr\/index.php?rest_route=\/wp\/v2\/posts\/35950\/revisions"}],"predecessor-version":[{"id":35952,"href":"https:\/\/haberbesiktas.tr\/index.php?rest_route=\/wp\/v2\/posts\/35950\/revisions\/35952"}],"wp:featuredmedia":[{"embeddable":true,"href":"https:\/\/haberbesiktas.tr\/index.php?rest_route=\/wp\/v2\/media\/35951"}],"wp:attachment":[{"href":"https:\/\/haberbesiktas.tr\/index.php?rest_route=%2Fwp%2Fv2%2Fmedia&parent=35950"}],"wp:term":[{"taxonomy":"category","embeddable":true,"href":"https:\/\/haberbesiktas.tr\/index.php?rest_route=%2Fwp%2Fv2%2Fcategories&post=35950"},{"taxonomy":"post_tag","embeddable":true,"href":"https:\/\/haberbesiktas.tr\/index.php?rest_route=%2Fwp%2Fv2%2Ftags&post=35950"}],"curies":[{"name":"wp","href":"https:\/\/api.w.org\/{rel}","templated":true}]}}