{"id":35956,"date":"2025-06-10T06:48:09","date_gmt":"2025-06-10T06:48:09","guid":{"rendered":"https:\/\/haberbesiktas.tr\/?p=35956"},"modified":"2025-06-10T06:48:09","modified_gmt":"2025-06-10T06:48:09","slug":"frankowskiyi-vatandasi-yakti-12-yil-sonra-bir-ilk","status":"publish","type":"post","link":"https:\/\/haberbesiktas.tr\/?p=35956","title":{"rendered":"Frankowski&#8217;yi vatanda\u015f\u0131 yakt\u0131; 12 y\u0131l sonra bir ilk!"},"content":{"rendered":"<div>Galatasaray&#8217;\u0131n deplasmanda Be\u015fikta\u015f&#8217;a 2-1 yenildi\u011fi ma\u00e7ta Przemyslaw Frankowski, 36&#8217;da g\u00f6rd\u00fc\u011f\u00fc k\u0131rm\u0131z\u0131 kartla kadrosunu 10 ki\u015fi b\u0131rakt\u0131.<\/p>\n<p> Ernest Mu\u00e7i&#8217;ye yapt\u0131\u011f\u0131 faulde evvel Yasin Kol sar\u0131 kart verdi. Fakat VAR&#8217;da yer alan Polonyal\u0131 Pawel Pskit devreye girdi.<\/p>\n<p> <strong>VATANDA\u015eI YAKTI<\/strong><\/p>\n<p> Polonyal\u0131 VAR hakemi, Yasin Kol&#8217;u \u00e7a\u011f\u0131rarak konumu izletti. Bunun ard\u0131ndan de Polonyal\u0131 Frankowski, vatanda\u015f\u0131n\u0131n ihtar\u0131yla oyundan at\u0131ld\u0131.<\/p>\n<p> <strong>12 YIL SONRA B\u0130R\u0130NC\u0130 KEZ<\/strong><\/p>\n<p> Deneyimli futbolcu 12 y\u0131l sonra k\u0131rm\u0131z\u0131 kart g\u00f6rd\u00fc.<\/p>\n<p> <strong>&#8220;SORUMLULU\u011eU ALIYORUM&#8221;<\/strong><\/p>\n<p> \u00d6te yandan Frankowski, ma\u00e7\u0131n akabinde bir payla\u015f\u0131mda bulundu.<\/p>\n<p> Frankowski, payla\u015f\u0131m\u0131nda, &#8220;Sorumlulu\u011fu al\u0131yorum&#8221; dedi.<\/p>\n<p> Frankowski&#8217;nin payla\u015f\u0131m\u0131 \u015fu halde:<\/p>\n<p> <strong>&#8220;Bu mesle\u011fimdeki birinci k\u0131rm\u0131z\u0131 kart ve kendimi berbat hissediyorum. Taraftarlar ve bizim i\u00e7in bu kadar k\u0131ymetli bir ma\u00e7taki ma\u011flubiyetten \u00f6t\u00fcr\u00fc sorumlulu\u011fu al\u0131yorum. Grubun 10 bireyle 11 bireye kar\u015f\u0131 g\u00f6sterdi\u011fi performanstan gurur duyuyorum. Bu durumun beni ve ekibi daha da g\u00fc\u00e7lendirece\u011fine eminim ve \u00e7ar\u015famba g\u00fcn\u00fc en g\u00fczel Galatasaray&#8217;\u0131 alana yans\u0131taca\u011f\u0131m\u0131zdan eminim!&#8221;\u00a0<\/strong><\/p>\n<p> \u00a0<\/p>\n<div>\u00a0<\/div>\n<\/div>\n<p><\/p>\n","protected":false},"excerpt":{"rendered":"<p>Galatasaray&#8217;\u0131n Be\u015fikta\u015f&#8217;a 2-1 ma\u011flup oldu\u011fu derbide Przemyslaw Frankowski, Polonyal\u0131 VAR hakemi Pawel Pskit&#8217;in ikaz\u0131yla oyundan at\u0131ld\u0131. Deneyimli futbolcu 12 y\u0131l sonra k\u0131rm\u0131z\u0131 kart g\u00f6rd\u00fc.<\/p>\n","protected":false},"author":1,"featured_media":35957,"comment_status":"open","ping_status":"open","sticky":false,"template":"","format":"standard","meta":{"footnotes":""},"categories":[25],"tags":[],"class_list":["post-35956","post","type-post","status-publish","format-standard","has-post-thumbnail","hentry","category-futbol"],"_links":{"self":[{"href":"https:\/\/haberbesiktas.tr\/index.php?rest_route=\/wp\/v2\/posts\/35956","targetHints":{"allow":["GET"]}}],"collection":[{"href":"https:\/\/haberbesiktas.tr\/index.php?rest_route=\/wp\/v2\/posts"}],"about":[{"href":"https:\/\/haberbesiktas.tr\/index.php?rest_route=\/wp\/v2\/types\/post"}],"author":[{"embeddable":true,"href":"https:\/\/haberbesiktas.tr\/index.php?rest_route=\/wp\/v2\/users\/1"}],"replies":[{"embeddable":true,"href":"https:\/\/haberbesiktas.tr\/index.php?rest_route=%2Fwp%2Fv2%2Fcomments&post=35956"}],"version-history":[{"count":1,"href":"https:\/\/haberbesiktas.tr\/index.php?rest_route=\/wp\/v2\/posts\/35956\/revisions"}],"predecessor-version":[{"id":35958,"href":"https:\/\/haberbesiktas.tr\/index.php?rest_route=\/wp\/v2\/posts\/35956\/revisions\/35958"}],"wp:featuredmedia":[{"embeddable":true,"href":"https:\/\/haberbesiktas.tr\/index.php?rest_route=\/wp\/v2\/media\/35957"}],"wp:attachment":[{"href":"https:\/\/haberbesiktas.tr\/index.php?rest_route=%2Fwp%2Fv2%2Fmedia&parent=35956"}],"wp:term":[{"taxonomy":"category","embeddable":true,"href":"https:\/\/haberbesiktas.tr\/index.php?rest_route=%2Fwp%2Fv2%2Fcategories&post=35956"},{"taxonomy":"post_tag","embeddable":true,"href":"https:\/\/haberbesiktas.tr\/index.php?rest_route=%2Fwp%2Fv2%2Ftags&post=35956"}],"curies":[{"name":"wp","href":"https:\/\/api.w.org\/{rel}","templated":true}]}}