{"id":35972,"date":"2025-06-10T08:00:08","date_gmt":"2025-06-10T08:00:08","guid":{"rendered":"https:\/\/haberbesiktas.tr\/?p=35972"},"modified":"2025-06-10T08:00:08","modified_gmt":"2025-06-10T08:00:08","slug":"cengiz-underden-amerikada-siftah","status":"publish","type":"post","link":"https:\/\/haberbesiktas.tr\/?p=35972","title":{"rendered":"Cengiz \u00dcnder&#8217;den Amerika&#8217;da siftah!"},"content":{"rendered":"<div>Fenerbah\u00e7e&#8217;nin MLS kul\u00fcb\u00fc Los Angeles FC&#8217;ye kiralad\u0131\u011f\u0131 Cengiz \u00dcnder, yeni kadrosuyla siftah yapt\u0131. Ulusal futbolcu, San Diego deplasman\u0131nda a\u011flar\u0131 havaland\u0131rd\u0131.<\/p>\n<p> Jose Mourinho idaresinde Fenerbah\u00e7e&#8217;de kendisine birinci 11&#8217;de yer bulamayan Cengiz \u00dcnder, k\u0131\u015f transfer d\u00f6neminde MLS kul\u00fcb\u00fc Los Angeles FC&#8217;ye kiraland\u0131.<\/p>\n<p> Yeni kadrosuyla daha evvel 1 defa de asist yapan Cengiz, birinci sefer a\u011flar\u0131 havaland\u0131rd\u0131. Ulusal oyuncu, ekibinin San Diego deplasman\u0131nda 3-2 yenildi\u011fi ma\u00e7\u0131n son gol\u00fcn\u00fc kaydetti.<\/p>\n<p> 45+5. dakikada kale alan\u0131nda konumlanan Cengiz \u00dcnder, sol kanattan Marky Delgado&#8217;nun \u00e7evirdi\u011fi topa yak\u0131n aradan dokundu ve a\u011flar\u0131 havaland\u0131rd\u0131.<\/p>\n<blockquote class=\"twitter-tweet\" data-width=\"500\" data-dnt=\"true\">\n<p lang=\"tr\" dir=\"ltr\">\ud83c\uddf9\ud83c\uddf7 Cengiz \u00dcnder, Los Angeles&#39;ta ilk gol\u00fcn\u00fc att\u0131!<a href=\"https:\/\/t.co\/ajxO9N3glP\" rel=\"nofollow\">pic.twitter.com\/ajxO9N3glP<\/a><\/p>\n<p>&mdash; Sporx (@sporx) <a href=\"https:\/\/twitter.com\/sporx\/status\/1906279713363902955?ref_src=twsrc%5Etfw\" rel=\"nofollow noopener\" target=\"_blank\">March 30, 2025<\/a><\/p><\/blockquote>\n<p><script async src=\"https:\/\/platform.twitter.com\/widgets.js\" charset=\"utf-8\"><\/script><\/p>\n<p> <strong>PUAN ALMAYA YETMED\u0130<\/strong><\/p>\n<p> 27 ya\u015f\u0131ndaki kanat oyuncusu, gol\u00fcn akabinde b\u00fcy\u00fck sevin\u00e7 ya\u015fad\u0131 lakin bu gol, Los Angeles FC&#8217;nin puan almas\u0131na yetmedi. U\u011fra\u015f, San Diego FC&#8217;nin 3-2&#8217;lik \u00fcst\u00fcnl\u00fc\u011f\u00fcyle sona erdi.<\/p>\n<p> <strong>MESSI&#8217;YE RAK\u0130P OLACAK<\/strong><\/p>\n<p> Cengiz \u00dcnder, Los Angeles FC ile \u015fu ana kadar toplamda d\u00f6rt ma\u00e7a \u00e7\u0131kt\u0131. Y\u0131ld\u0131z futbolcu kelam konusu d\u00f6rt m\u00fcsabakada 1 gol 1 asistle oynad\u0131. Los Angeles FC, bir sonraki ma\u00e7ta CONCACAF \u015eampiyonlar Ligi&#8217;nde 3 Nisan&#8217;da konutunda Lionel Messi&#8217;nin de formas\u0131n\u0131 giydi\u011fi Inter Miami&#8217;yi konuk edecek.<\/p>\n<p> <strong>CENG\u0130Z \u00dcNDER&#8217;\u0130N LOS ANGELES FC PERFORMANSI<\/strong><\/p>\n<p> Los Angeles formas\u0131yla bug\u00fcne dek 4 ma\u00e7a \u00e7\u0131kan Cengiz \u00dcnder, 1 gol &#8211; 1 asistlik performans sergiledi.<\/p>\n<p> \u00a0<\/p>\n<p> \u00a0<\/p>\n<p> \u00a0<\/p>\n<\/div>\n<p><\/p>\n","protected":false},"excerpt":{"rendered":"<p>K\u0131\u015f transfer devrinde Fenerbah\u00e7e&#8217;nin Los Angeles FC&#8217;ye kiralad\u0131\u011f\u0131 Cengiz \u00dcnder, yeni kadrosunda birinci gol sevincini ya\u015fad\u0131.<\/p>\n","protected":false},"author":1,"featured_media":35974,"comment_status":"open","ping_status":"open","sticky":false,"template":"","format":"standard","meta":{"footnotes":""},"categories":[25],"tags":[1230,77,2838],"class_list":["post-35972","post","type-post","status-publish","format-standard","has-post-thumbnail","hentry","category-futbol","tag-cengiz-under","tag-gol","tag-los-angeles-fc"],"_links":{"self":[{"href":"https:\/\/haberbesiktas.tr\/index.php?rest_route=\/wp\/v2\/posts\/35972","targetHints":{"allow":["GET"]}}],"collection":[{"href":"https:\/\/haberbesiktas.tr\/index.php?rest_route=\/wp\/v2\/posts"}],"about":[{"href":"https:\/\/haberbesiktas.tr\/index.php?rest_route=\/wp\/v2\/types\/post"}],"author":[{"embeddable":true,"href":"https:\/\/haberbesiktas.tr\/index.php?rest_route=\/wp\/v2\/users\/1"}],"replies":[{"embeddable":true,"href":"https:\/\/haberbesiktas.tr\/index.php?rest_route=%2Fwp%2Fv2%2Fcomments&post=35972"}],"version-history":[{"count":1,"href":"https:\/\/haberbesiktas.tr\/index.php?rest_route=\/wp\/v2\/posts\/35972\/revisions"}],"predecessor-version":[{"id":35975,"href":"https:\/\/haberbesiktas.tr\/index.php?rest_route=\/wp\/v2\/posts\/35972\/revisions\/35975"}],"wp:featuredmedia":[{"embeddable":true,"href":"https:\/\/haberbesiktas.tr\/index.php?rest_route=\/wp\/v2\/media\/35974"}],"wp:attachment":[{"href":"https:\/\/haberbesiktas.tr\/index.php?rest_route=%2Fwp%2Fv2%2Fmedia&parent=35972"}],"wp:term":[{"taxonomy":"category","embeddable":true,"href":"https:\/\/haberbesiktas.tr\/index.php?rest_route=%2Fwp%2Fv2%2Fcategories&post=35972"},{"taxonomy":"post_tag","embeddable":true,"href":"https:\/\/haberbesiktas.tr\/index.php?rest_route=%2Fwp%2Fv2%2Ftags&post=35972"}],"curies":[{"name":"wp","href":"https:\/\/api.w.org\/{rel}","templated":true}]}}