{"id":35976,"date":"2025-06-10T08:12:11","date_gmt":"2025-06-10T08:12:11","guid":{"rendered":"https:\/\/haberbesiktas.tr\/?p=35976"},"modified":"2025-06-10T08:12:11","modified_gmt":"2025-06-10T08:12:11","slug":"esra-bayrak-atletizmde-avrupa-sampiyonu","status":"publish","type":"post","link":"https:\/\/haberbesiktas.tr\/?p=35976","title":{"rendered":"Esra Bayrak, atletizmde Avrupa \u015fampiyonu"},"content":{"rendered":"<p>Virtus Avrupa Salon Atletizm \u015eampiyonas\u0131&#8217;nda yar\u0131\u015fan \u00f6zel atletlerden Esra Bayrak, bayanlar uzun atlamada alt\u0131n madalya kazand\u0131.<\/p>\n<p> T\u00fcrkiye \u00d6zel Atletler Spor Federasyonunun a\u00e7\u0131klamas\u0131na nazaran, Finlandiya&#8217;n\u0131n Espoo kentinde d\u00fczenlenen tertipte u\u011fra\u015f eden Esra, 5,51 metrelik atlay\u0131\u015f\u0131yla \u015fampiyonlu\u011fa ula\u015ft\u0131.<\/p>\n<p> A\u00e7\u0131klamada &#8220;Esra Bayrak 10. kere Avrupa \u015fampiyonu olarak k\u0131r\u0131lmas\u0131 g\u00fc\u00e7 bir rekora imza att\u0131.&#8221; denildi.<\/p>\n<p><img decoding=\"async\" src=\"https:\/\/haberbesiktas.tr\/wp-content\/uploads\/2025\/06\/esra-bayrak-atletizmde-avrupa-sampiyonu-0-vMTk45gz.jpg\"\/><\/p>\n","protected":false},"excerpt":{"rendered":"<p>\u00d6zel sportmen Esra Bayrak, atletizmde Avrupa \u015fampiyonu oldu.<\/p>\n","protected":false},"author":1,"featured_media":35977,"comment_status":"open","ping_status":"open","sticky":false,"template":"","format":"standard","meta":{"footnotes":""},"categories":[27],"tags":[],"class_list":["post-35976","post","type-post","status-publish","format-standard","has-post-thumbnail","hentry","category-guncel-haberler"],"_links":{"self":[{"href":"https:\/\/haberbesiktas.tr\/index.php?rest_route=\/wp\/v2\/posts\/35976","targetHints":{"allow":["GET"]}}],"collection":[{"href":"https:\/\/haberbesiktas.tr\/index.php?rest_route=\/wp\/v2\/posts"}],"about":[{"href":"https:\/\/haberbesiktas.tr\/index.php?rest_route=\/wp\/v2\/types\/post"}],"author":[{"embeddable":true,"href":"https:\/\/haberbesiktas.tr\/index.php?rest_route=\/wp\/v2\/users\/1"}],"replies":[{"embeddable":true,"href":"https:\/\/haberbesiktas.tr\/index.php?rest_route=%2Fwp%2Fv2%2Fcomments&post=35976"}],"version-history":[{"count":1,"href":"https:\/\/haberbesiktas.tr\/index.php?rest_route=\/wp\/v2\/posts\/35976\/revisions"}],"predecessor-version":[{"id":35979,"href":"https:\/\/haberbesiktas.tr\/index.php?rest_route=\/wp\/v2\/posts\/35976\/revisions\/35979"}],"wp:featuredmedia":[{"embeddable":true,"href":"https:\/\/haberbesiktas.tr\/index.php?rest_route=\/wp\/v2\/media\/35977"}],"wp:attachment":[{"href":"https:\/\/haberbesiktas.tr\/index.php?rest_route=%2Fwp%2Fv2%2Fmedia&parent=35976"}],"wp:term":[{"taxonomy":"category","embeddable":true,"href":"https:\/\/haberbesiktas.tr\/index.php?rest_route=%2Fwp%2Fv2%2Fcategories&post=35976"},{"taxonomy":"post_tag","embeddable":true,"href":"https:\/\/haberbesiktas.tr\/index.php?rest_route=%2Fwp%2Fv2%2Ftags&post=35976"}],"curies":[{"name":"wp","href":"https:\/\/api.w.org\/{rel}","templated":true}]}}