{"id":35980,"date":"2025-06-10T08:24:08","date_gmt":"2025-06-10T08:24:08","guid":{"rendered":"https:\/\/haberbesiktas.tr\/?p=35980"},"modified":"2025-06-10T08:24:08","modified_gmt":"2025-06-10T08:24:08","slug":"yuksel-yildirim-ozur-dileriz-hepimiz-utandik","status":"publish","type":"post","link":"https:\/\/haberbesiktas.tr\/?p=35980","title":{"rendered":"Y\u00fcksel Y\u0131ld\u0131r\u0131m: &#8220;\u00d6z\u00fcr dileriz! Hepimiz utand\u0131k!&#8221;"},"content":{"rendered":"<div>Reeder Samsunspor&#8217;un kul\u00fcp ba\u015fkan\u0131 Y\u00fcksel Y\u0131ld\u0131r\u0131m, &#8220;Avrupa&#8217;ya gitmek istiyoruz. Teknik heyet ve ekibin bunun i\u00e7in gerekli her \u015feyi yapaca\u011f\u0131ndan hi\u00e7 ku\u015fkum yok.&#8221; dedi.<\/p>\n<p> Y\u0131ld\u0131r\u0131m, toplumsal medya \u00fczerinden yapt\u0131\u011f\u0131 a\u00e7\u0131klamada, Trendyol Muhte\u015fem Lig&#8217;in 29. haftas\u0131nda alanlar\u0131ndaki m\u00fcsabakada Kas\u0131mpa\u015fa&#8217;ya 2-0 yenildikleri i\u00e7in \u00fczg\u00fcn oldu\u011funu lisana getirdi.<\/p>\n<p> Taraftarlardan \u00f6z\u00fcr dileyen Y\u0131ld\u0131r\u0131m, &#8220;<strong>Kas\u0131mpa\u015fa ma\u00e7\u0131nda sa\u00e7ma sapan bir oyun oynad\u0131k ve bu oyundan hepimiz utand\u0131k. Ulusal ortay\u0131 mazeret olarak g\u00f6stermeyece\u011fiz. Bu mant\u0131kl\u0131 bir mazeret olamaz ve bunu mazeret olarak g\u00f6stermek pek de mant\u0131kl\u0131 de\u011fil. Bug\u00fcn ald\u0131\u011f\u0131m\u0131z bu yenilgi asla bununla ilgili olamaz. Bizim hemen kendimize \u00e7ekid\u00fczen verip ve \u00e7ok \u00e7al\u0131\u015f\u0131p geri kalan ma\u00e7lar\u0131m\u0131zda Avrupa&#8217;ya gitmek i\u00e7in gerekli puanlar\u0131 almam\u0131z laz\u0131m<\/strong>.&#8221; tabirini kulland\u0131.<\/p>\n<p> Y\u0131ld\u0131r\u0131m, taraftarlar \u00fczere kendisinin de Avrupa Ligi&#8217;ne grubun kat\u0131lmas\u0131n\u0131 \u00e7ok istedi\u011fini belirterek, &#8220;<strong>Avrupa&#8217;ya gitmek istiyoruz. Teknik heyet ve ekibin bunun i\u00e7in gerekli her \u015feyi yapaca\u011f\u0131ndan hi\u00e7 ku\u015fkum yok. Bu vesile ile Samsunspor toplulu\u011funa ho\u015f, keyifli bir bayram diliyorum; s\u0131hhatle, memnunlukla, huzurla, Samsunspor&#8217;un ba\u015far\u0131lar\u0131yla dolu daima birlikte daha bir\u00e7ok ho\u015f bayramlar\u0131 ve g\u00fcnleri g\u00f6rmemizi temenni ediyorum<\/strong>.&#8221; g\u00f6r\u00fc\u015flerine yer verdi.<\/p>\n<\/div>\n<p><\/p>\n","protected":false},"excerpt":{"rendered":"<p>Reeder Samsunspor&#8217;un kul\u00fcp ba\u015fkan\u0131 Y\u00fcksel Y\u0131ld\u0131r\u0131m, Kas\u0131mpa\u015fa ma\u00e7\u0131 sonras\u0131 a\u00e7\u0131klama yapt\u0131.<\/p>\n","protected":false},"author":1,"featured_media":35981,"comment_status":"open","ping_status":"open","sticky":false,"template":"","format":"standard","meta":{"footnotes":""},"categories":[25],"tags":[],"class_list":["post-35980","post","type-post","status-publish","format-standard","has-post-thumbnail","hentry","category-futbol"],"_links":{"self":[{"href":"https:\/\/haberbesiktas.tr\/index.php?rest_route=\/wp\/v2\/posts\/35980","targetHints":{"allow":["GET"]}}],"collection":[{"href":"https:\/\/haberbesiktas.tr\/index.php?rest_route=\/wp\/v2\/posts"}],"about":[{"href":"https:\/\/haberbesiktas.tr\/index.php?rest_route=\/wp\/v2\/types\/post"}],"author":[{"embeddable":true,"href":"https:\/\/haberbesiktas.tr\/index.php?rest_route=\/wp\/v2\/users\/1"}],"replies":[{"embeddable":true,"href":"https:\/\/haberbesiktas.tr\/index.php?rest_route=%2Fwp%2Fv2%2Fcomments&post=35980"}],"version-history":[{"count":1,"href":"https:\/\/haberbesiktas.tr\/index.php?rest_route=\/wp\/v2\/posts\/35980\/revisions"}],"predecessor-version":[{"id":35982,"href":"https:\/\/haberbesiktas.tr\/index.php?rest_route=\/wp\/v2\/posts\/35980\/revisions\/35982"}],"wp:featuredmedia":[{"embeddable":true,"href":"https:\/\/haberbesiktas.tr\/index.php?rest_route=\/wp\/v2\/media\/35981"}],"wp:attachment":[{"href":"https:\/\/haberbesiktas.tr\/index.php?rest_route=%2Fwp%2Fv2%2Fmedia&parent=35980"}],"wp:term":[{"taxonomy":"category","embeddable":true,"href":"https:\/\/haberbesiktas.tr\/index.php?rest_route=%2Fwp%2Fv2%2Fcategories&post=35980"},{"taxonomy":"post_tag","embeddable":true,"href":"https:\/\/haberbesiktas.tr\/index.php?rest_route=%2Fwp%2Fv2%2Ftags&post=35980"}],"curies":[{"name":"wp","href":"https:\/\/api.w.org\/{rel}","templated":true}]}}