{"id":35983,"date":"2025-06-10T08:36:10","date_gmt":"2025-06-10T08:36:10","guid":{"rendered":"https:\/\/haberbesiktas.tr\/?p=35983"},"modified":"2025-06-10T08:36:10","modified_gmt":"2025-06-10T08:36:10","slug":"ancelotti-arda-gulerin-oyunundan-memnun","status":"publish","type":"post","link":"https:\/\/haberbesiktas.tr\/?p=35983","title":{"rendered":"Ancelotti, Arda G\u00fcler&#8217;in oyunundan memnun"},"content":{"rendered":"<div>Real Madrid Teknik Y\u00f6neticisi Carlo Ancelotti, 3-2 kazand\u0131klar\u0131 Leganes ma\u00e7\u0131nda birinci 11&#8217;de oynatt\u0131\u011f\u0131\u00a0Arda\u00a0G\u00fcler&#8217;in alanda ortaya koydu\u011fu performans\u0131ndan \u015fad oldu\u011funu s\u00f6yledi.<\/p>\n<p> Ancelotti, Leganes ma\u00e7\u0131n\u0131n akabinde d\u00fczenledi\u011fi bas\u0131n toplant\u0131s\u0131nda,\u00a0Arda\u00a0G\u00fcler\u00a0ile ilgili gelen bir soru \u00fczerine, <strong>&#8220;\u0130yi oynad\u0131, kalitesini g\u00f6sterdi zira oyunu \u00e7ok yeterli okuyor. Ba\u015fka forvet oyuncular\u0131 \u00fczere rakibin istikrar\u0131n\u0131 bozmasa da topla \u00e7ok g\u00fczel oynuyor. Topu g\u00fczel d\u00f6nd\u00fcr\u00fcyor. Yararl\u0131 oldu.&#8221;<\/strong> dedi.<\/p>\n<p> \u0130talyan teknik adam, 62. dakikada\u00a0Arda&#8217;y\u0131 oyundan almas\u0131n\u0131 ise <strong>&#8220;Onu de\u011fi\u015ftirmemin nedeni grubu ileride daha g\u00fc\u00e7lendirmek ve yedekte bekleyen daha canl\u0131 futbolcular\u0131 alana s\u00fcrmekti. \u00d6teki bir \u015feyden de\u011fil.&#8221;<\/strong> diyerek a\u00e7\u0131klad\u0131.<\/p>\n<p> Arda\u00a0G\u00fcler, Leganes ma\u00e7\u0131ndan evvel Real Madrid&#8217;de son olarak 5 \u015eubat&#8217;ta Kral Kupas\u0131 \u00e7eyrek finalinde deplasmanda tekrar Leganes&#8217;e kar\u015f\u0131 ekibinin birinci 11&#8217;inde alana \u00e7\u0131km\u0131\u015ft\u0131.<\/p>\n<p> Bu d\u00f6nem Real Madrid&#8217;de 29 lig ma\u00e7\u0131n\u0131n 19&#8217;unda forma giyen\u00a0Arda\u00a0G\u00fcler, teknik y\u00f6netici Carlo Ancelotti taraf\u0131ndan 7 sefer birinci 11&#8217;de oynat\u0131ld\u0131.<\/p>\n<p> Arda\u00a0G\u00fcler, Leganes ma\u00e7\u0131n\u0131n 62. dakikas\u0131nda oyundan \u00e7\u0131kt\u0131ktan sonra yerine Rodrygo alana girdi.<\/p>\n<p> Ulusal futbolcu, Real Madrid&#8217;in Mbappe ile penalt\u0131dan att\u0131\u011f\u0131 birinci golde, penalt\u0131y\u0131 yapt\u0131ran isim oldu.\u00a0<\/p>\n<div>\u00a0<\/div>\n<\/div>\n<p><\/p>\n","protected":false},"excerpt":{"rendered":"<p>Real Madrid Teknik Y\u00f6neticisi Carlo Ancelotti, 3-2 kazand\u0131klar\u0131 Leganes ma\u00e7\u0131n\u0131n akabinde konu\u015ftu.<\/p>\n","protected":false},"author":1,"featured_media":35984,"comment_status":"open","ping_status":"open","sticky":false,"template":"","format":"standard","meta":{"footnotes":""},"categories":[25],"tags":[2837],"class_list":["post-35983","post","type-post","status-publish","format-standard","has-post-thumbnail","hentry","category-futbol","tag-leganes"],"_links":{"self":[{"href":"https:\/\/haberbesiktas.tr\/index.php?rest_route=\/wp\/v2\/posts\/35983","targetHints":{"allow":["GET"]}}],"collection":[{"href":"https:\/\/haberbesiktas.tr\/index.php?rest_route=\/wp\/v2\/posts"}],"about":[{"href":"https:\/\/haberbesiktas.tr\/index.php?rest_route=\/wp\/v2\/types\/post"}],"author":[{"embeddable":true,"href":"https:\/\/haberbesiktas.tr\/index.php?rest_route=\/wp\/v2\/users\/1"}],"replies":[{"embeddable":true,"href":"https:\/\/haberbesiktas.tr\/index.php?rest_route=%2Fwp%2Fv2%2Fcomments&post=35983"}],"version-history":[{"count":1,"href":"https:\/\/haberbesiktas.tr\/index.php?rest_route=\/wp\/v2\/posts\/35983\/revisions"}],"predecessor-version":[{"id":35985,"href":"https:\/\/haberbesiktas.tr\/index.php?rest_route=\/wp\/v2\/posts\/35983\/revisions\/35985"}],"wp:featuredmedia":[{"embeddable":true,"href":"https:\/\/haberbesiktas.tr\/index.php?rest_route=\/wp\/v2\/media\/35984"}],"wp:attachment":[{"href":"https:\/\/haberbesiktas.tr\/index.php?rest_route=%2Fwp%2Fv2%2Fmedia&parent=35983"}],"wp:term":[{"taxonomy":"category","embeddable":true,"href":"https:\/\/haberbesiktas.tr\/index.php?rest_route=%2Fwp%2Fv2%2Fcategories&post=35983"},{"taxonomy":"post_tag","embeddable":true,"href":"https:\/\/haberbesiktas.tr\/index.php?rest_route=%2Fwp%2Fv2%2Ftags&post=35983"}],"curies":[{"name":"wp","href":"https:\/\/api.w.org\/{rel}","templated":true}]}}