{"id":35989,"date":"2025-06-10T09:00:09","date_gmt":"2025-06-10T09:00:09","guid":{"rendered":"https:\/\/haberbesiktas.tr\/?p=35989"},"modified":"2025-06-10T09:00:09","modified_gmt":"2025-06-10T09:00:09","slug":"mourinhonun-yeni-duzeni-fenerbahceyi-costurdu","status":"publish","type":"post","link":"https:\/\/haberbesiktas.tr\/?p=35989","title":{"rendered":"Mourinho&#8217;nun yeni d\u00fczeni, Fenerbah\u00e7e&#8217;yi co\u015fturdu!"},"content":{"rendered":"<p>Amans\u0131z tepe takibini s\u00fcrd\u00fcren Fenerbah\u00e7e&#8217;yi eksiklikler ve sakatl\u0131klar da durduramad\u0131.<\/p>\n<p> 2025 y\u0131l\u0131nda 3-5-2 formasyonuyla yeni tertibe ge\u00e7en sar\u0131-lacivertliler, orta sahay\u0131 kalabal\u0131k tutarken rakip de tan\u0131mad\u0131.<\/p>\n<p> Ligde son 13 ma\u00e7ta 10. galibiyetini Bodrum kar\u015f\u0131s\u0131nda alan Fenerbah\u00e7e&#8217;de 4 gol\u00fcn 3&#8217;\u00fc O\u011fuz Ayd\u0131n, Sebastian Szymanski ve Anderson Talisca&#8217;dan geldi.<\/p>\n<p> Kanarya&#8217;n\u0131n kanatlarda oynayanlar dahil orta sahas\u0131, ligde a\u011flar\u0131 18 defa havaland\u0131rd\u0131 ve bu b\u00f6lge son 3 d\u00f6nemde en \u00e7ok gol\u00fc att\u0131\u011f\u0131 periyoda imza att\u0131. Ge\u00e7en d\u00f6nem sar\u0131-lacivertlilerin orta alan\u0131 15, 2022- 23&#8217;te ise 10 gol kaydetmi\u015fti.<\/p>\n<p> <strong>FORMAYI GE\u00c7 ALDI ANCAK \u00c7ABUK Y\u00dcKSELD\u0130<\/strong><\/p>\n<p> Mourinho&#8217;dan formay\u0131 ge\u00e7 alsa da performans\u0131yla ulusal gruba kadar y\u00fckselen sa\u011f orta saha O\u011fuz Ayd\u0131n, 6 golle ba\u015f\u0131 \u00e7ekti. Fred 4, Szymanski 3, Amrabat ve Talisca 2&#8217;\u015fer, Kostic de 1 kere fileleri sarsmay\u0131 ba\u015fard\u0131. Bu oyuncular gol\u00fc olmayan Mert Hakan (2 asist) ile birlikte 19 da asist ger\u00e7ekle\u015ftirerek 37 gole katk\u0131da bulundu.\u00a0<\/p>\n<div>\u00a0<\/div>\n<p><\/p>\n","protected":false},"excerpt":{"rendered":"<p>Fenerbah\u00e7e&#8217;de Jose Mourinho&#8217;nun 3-5-2&#8217;lik yeni nizam\u0131, grubu co\u015fturdu. Sar\u0131-lacivertli grubun kanat dahil orta saha futbolcular\u0131, ligde a\u011flar\u0131 18 sefer sarsarken bu b\u00f6lge son 3 d\u00f6nemin en golc\u00fc devrine imza att\u0131. O\u011fuz Ayd\u0131n, orta alan\u0131n sa\u011f\u0131nda y\u0131ld\u0131z\u0131n\u0131 parlatt\u0131.<\/p>\n","protected":false},"author":1,"featured_media":35990,"comment_status":"open","ping_status":"open","sticky":false,"template":"","format":"standard","meta":{"footnotes":""},"categories":[25],"tags":[77],"class_list":["post-35989","post","type-post","status-publish","format-standard","has-post-thumbnail","hentry","category-futbol","tag-gol"],"_links":{"self":[{"href":"https:\/\/haberbesiktas.tr\/index.php?rest_route=\/wp\/v2\/posts\/35989","targetHints":{"allow":["GET"]}}],"collection":[{"href":"https:\/\/haberbesiktas.tr\/index.php?rest_route=\/wp\/v2\/posts"}],"about":[{"href":"https:\/\/haberbesiktas.tr\/index.php?rest_route=\/wp\/v2\/types\/post"}],"author":[{"embeddable":true,"href":"https:\/\/haberbesiktas.tr\/index.php?rest_route=\/wp\/v2\/users\/1"}],"replies":[{"embeddable":true,"href":"https:\/\/haberbesiktas.tr\/index.php?rest_route=%2Fwp%2Fv2%2Fcomments&post=35989"}],"version-history":[{"count":1,"href":"https:\/\/haberbesiktas.tr\/index.php?rest_route=\/wp\/v2\/posts\/35989\/revisions"}],"predecessor-version":[{"id":35991,"href":"https:\/\/haberbesiktas.tr\/index.php?rest_route=\/wp\/v2\/posts\/35989\/revisions\/35991"}],"wp:featuredmedia":[{"embeddable":true,"href":"https:\/\/haberbesiktas.tr\/index.php?rest_route=\/wp\/v2\/media\/35990"}],"wp:attachment":[{"href":"https:\/\/haberbesiktas.tr\/index.php?rest_route=%2Fwp%2Fv2%2Fmedia&parent=35989"}],"wp:term":[{"taxonomy":"category","embeddable":true,"href":"https:\/\/haberbesiktas.tr\/index.php?rest_route=%2Fwp%2Fv2%2Fcategories&post=35989"},{"taxonomy":"post_tag","embeddable":true,"href":"https:\/\/haberbesiktas.tr\/index.php?rest_route=%2Fwp%2Fv2%2Ftags&post=35989"}],"curies":[{"name":"wp","href":"https:\/\/api.w.org\/{rel}","templated":true}]}}