{"id":36016,"date":"2025-06-10T11:12:05","date_gmt":"2025-06-10T11:12:05","guid":{"rendered":"https:\/\/haberbesiktas.tr\/?p=36016"},"modified":"2025-06-10T11:12:05","modified_gmt":"2025-06-10T11:12:05","slug":"kayak-milli-takimi-dunya-sampiyonasinda-mucadele-edecek","status":"publish","type":"post","link":"https:\/\/haberbesiktas.tr\/?p=36016","title":{"rendered":"Kayak Milli Tak\u0131m\u0131, D\u00fcnya \u015eampiyonas\u0131&#8217;nda m\u00fccadele edecek"},"content":{"rendered":"<div> \u00d6zel Sportmenler Kayak Ulusal Ekibi, D\u00fcnya \u015eampiyonas\u0131 i\u00e7in Fransa&#8217;ya gitti.<\/p>\n<p> T\u00fcrkiye \u00d6zel Atletler Spor Federasyonundan yap\u0131lan a\u00e7\u0131klamaya nazaran ulusallar, 1-4 Nisan tarihlerinde Tignes&#8217;te d\u00fczenlenecek \u015fampiyonan\u0131n haz\u0131rl\u0131klar\u0131n\u0131 tamamlad\u0131.<\/p>\n<p> Kafile ba\u015fkanl\u0131\u011f\u0131n\u0131 \u00dcnal Bing\u00fcl&#8217;\u00fcn yapt\u0131\u011f\u0131 ulusal grup Aliye Zeynep Bing\u00fcl, Muhsin Murat Bing\u00fcl, Ay\u015fe Mukadderat Yavuz, Ali Umut \u00c7at ve Nusret Do\u011fukan Topta\u015f&#8217;tan olu\u015fuyor.<\/p><\/div>\n","protected":false},"excerpt":{"rendered":"<p>\u00d6zel Sportmenler Kayak Ulusal Ekibi, D\u00fcnya \u015eampiyonas\u0131 i\u00e7in Fransa&#8217;ya gitti.<\/p>\n","protected":false},"author":1,"featured_media":36017,"comment_status":"open","ping_status":"open","sticky":false,"template":"","format":"standard","meta":{"footnotes":""},"categories":[27],"tags":[],"class_list":["post-36016","post","type-post","status-publish","format-standard","has-post-thumbnail","hentry","category-guncel-haberler"],"_links":{"self":[{"href":"https:\/\/haberbesiktas.tr\/index.php?rest_route=\/wp\/v2\/posts\/36016","targetHints":{"allow":["GET"]}}],"collection":[{"href":"https:\/\/haberbesiktas.tr\/index.php?rest_route=\/wp\/v2\/posts"}],"about":[{"href":"https:\/\/haberbesiktas.tr\/index.php?rest_route=\/wp\/v2\/types\/post"}],"author":[{"embeddable":true,"href":"https:\/\/haberbesiktas.tr\/index.php?rest_route=\/wp\/v2\/users\/1"}],"replies":[{"embeddable":true,"href":"https:\/\/haberbesiktas.tr\/index.php?rest_route=%2Fwp%2Fv2%2Fcomments&post=36016"}],"version-history":[{"count":1,"href":"https:\/\/haberbesiktas.tr\/index.php?rest_route=\/wp\/v2\/posts\/36016\/revisions"}],"predecessor-version":[{"id":36018,"href":"https:\/\/haberbesiktas.tr\/index.php?rest_route=\/wp\/v2\/posts\/36016\/revisions\/36018"}],"wp:featuredmedia":[{"embeddable":true,"href":"https:\/\/haberbesiktas.tr\/index.php?rest_route=\/wp\/v2\/media\/36017"}],"wp:attachment":[{"href":"https:\/\/haberbesiktas.tr\/index.php?rest_route=%2Fwp%2Fv2%2Fmedia&parent=36016"}],"wp:term":[{"taxonomy":"category","embeddable":true,"href":"https:\/\/haberbesiktas.tr\/index.php?rest_route=%2Fwp%2Fv2%2Fcategories&post=36016"},{"taxonomy":"post_tag","embeddable":true,"href":"https:\/\/haberbesiktas.tr\/index.php?rest_route=%2Fwp%2Fv2%2Ftags&post=36016"}],"curies":[{"name":"wp","href":"https:\/\/api.w.org\/{rel}","templated":true}]}}