{"id":36041,"date":"2025-06-10T12:48:21","date_gmt":"2025-06-10T12:48:21","guid":{"rendered":"https:\/\/haberbesiktas.tr\/?p=36041"},"modified":"2025-06-10T12:48:21","modified_gmt":"2025-06-10T12:48:21","slug":"milli-guresci-sirin-askara-gozunu-avrupa-sampiyonluguna-dikti","status":"publish","type":"post","link":"https:\/\/haberbesiktas.tr\/?p=36041","title":{"rendered":"Milli g\u00fcre\u015f\u00e7i \u015eirin A\u015fkara, g\u00f6z\u00fcn\u00fc Avrupa \u015fampiyonlu\u011funa dikti"},"content":{"rendered":"<p>Siirt&#8217;te 2 y\u0131l evvel g\u00fcre\u015fe ba\u015flayan ve kat\u0131ld\u0131\u011f\u0131 her turnuvada dereceye giren 15 ya\u015f\u0131ndaki\u00a0milli\u00a0g\u00fcre\u015f\u00e7i\u00a0\u015eirin\u00a0A\u015fkara,\u00a0Avrupa\u00a0\u015fampiyonu olmak i\u00e7in karde\u015fi Fatma ile minderde ter d\u00f6k\u00fcyor.<\/p>\n<p> Yetenek taramas\u0131nda ke\u015ffedildikten sonra g\u00fcre\u015fte muvaffakiyetler elde eden\u00a0\u015eirin\u00a0A\u015fkara,\u00a0Okul Sporlar\u0131 G\u00fcre\u015f \u015eampiyonas\u0131&#8217;nda bir, 15 Ya\u015f Alt\u0131 T\u00fcrkiye \u015eampiyonas\u0131&#8217;nda ise 2 alt\u0131n madalya kazand\u0131.<\/p>\n<p> Ge\u00e7en y\u0131l hayal etti\u011fi\u00a0milli\u00a0formay\u0131 giymeye hak kazanan\u00a0\u015eirin, Yunanistan&#8217;da d\u00fczenlenen\u00a0Avrupa\u00a0\u015eampiyonas\u0131&#8217;nda bronz madalya kazand\u0131.<\/p>\n<p> Gen\u00e7lik ve Spor Vilayet M\u00fcd\u00fcr\u00fc \u0130smail \u00c7algan&#8217;\u0131n destekleriyle g\u00fcre\u015f antren\u00f6r\u00fc P\u0131nar \u00dcnal&#8217;\u0131n idaresinde kendisini \u00f6rnek alarak bu spora ba\u015flayan 13 ya\u015f\u0131ndaki karde\u015fi Fatma ile idmanlar\u0131na s\u0131k\u0131 bi\u00e7imde devam eden\u00a0\u015eirin, 4-14 Nisan&#8217;da S\u0131rbistan&#8217;da d\u00fczenlenecek Okul Sporlar\u0131 15 Ya\u015f Alt\u0131 D\u00fcnya \u015eampiyonas\u0131&#8217;nda yar\u0131\u015facak.<\/p>\n<p> Daha sonra 25-28 Haziran&#8217;da \u0130talya&#8217;da d\u00fczenlenecek 15 Ya\u015f Alt\u0131\u00a0Avrupa\u00a0\u015eampiyonas\u0131 i\u00e7in\u00a0milli\u00a0tak\u0131m kamp\u0131na kat\u0131lacak olan\u00a0\u015eirin\u00a0A\u015fkara&#8217;n\u0131n amac\u0131,\u00a0Avrupa\u00a0\u015fampiyonu olmak.<\/p>\n<p> <strong>&#8211; &#8220;G\u00fcre\u015f sayesinde T\u00fcrkiye&#8217;yi ge\u00e7tim, d\u00fcnyay\u0131 geziyorum&#8221;<\/strong><\/p>\n<p> Milli\u00a0g\u00fcre\u015f\u00e7i\u00a0\u015eirin\u00a0A\u015fkara,\u00a0AA muhabirine, yetenek taramas\u0131 sonucu ba\u015flad\u0131\u011f\u0131 g\u00fcre\u015fte gayelerine hakikat s\u00fcratli ad\u0131mlarla ilerledi\u011fini s\u00f6yledi.<\/p>\n<p> Siirtli\u00a0milli\u00a0g\u00fcre\u015f\u00e7i\u00a0Evin Demirhan Yavuz ile Yasemin Adar Yi\u011fit&#8217;i \u00f6rnek ald\u0131\u011f\u0131n\u0131 aktaran\u00a0\u015eirin, &#8220;G\u00fcre\u015fe ba\u015flad\u0131\u011f\u0131m 2 y\u0131lda 3 kere T\u00fcrkiye \u015fampiyonu ve 1 sefer de\u00a0Avrupa\u00a0\u00fc\u00e7\u00fcnc\u00fcs\u00fc oldum. G\u00fcre\u015fe ba\u015flamadan evvel hi\u00e7bir vakit vilayet d\u0131\u015f\u0131na \u00e7\u0131kmam\u0131\u015ft\u0131m. En b\u00fcy\u00fck hayalim denizi g\u00f6rmekti. Art\u0131k ise g\u00fcre\u015f sayesinde T\u00fcrkiye&#8217;yi ge\u00e7tim, d\u00fcnyay\u0131 geziyorum.&#8221; dedi.<\/p>\n<p> Karde\u015fi Fatma&#8217;n\u0131n da 5 ay evvel g\u00fcre\u015fe ba\u015flad\u0131\u011f\u0131n\u0131 ve bir arada \u00e7al\u0131\u015fmalar\u0131n\u0131 s\u00fcrd\u00fcrd\u00fcklerini anlatan\u00a0\u015eirin, S\u0131rbistan&#8217;dan da \u015fampiyon olarak d\u00f6nmek istedi\u011fini lisana getirdi.<\/p>\n<p> \u0130talya&#8217;da d\u00fczenlenecek\u00a0Avrupa\u00a0\u015eampiyonas\u0131&#8217;nda T\u00fcrkiye&#8217;yi temsil edece\u011fini lisana getiren\u00a0milli\u00a0sporcu, &#8220;\u0130n\u015fallah bu sefer birinci olarak alt\u0131n madalya kazanaca\u011f\u0131m. \u00d6rnek ald\u0131\u011f\u0131m\u00a0milli\u00a0g\u00fcre\u015f\u00e7ilerimizin yolunda gitmeye \u00e7al\u0131\u015f\u0131yorum. En b\u00fcy\u00fck gayem olimpiyatlarda bayra\u011f\u0131m\u0131z\u0131 dalgaland\u0131rmak.&#8221; diye konu\u015ftu.<\/p>\n<p> Fatma A\u015fkara da ablas\u0131n\u0131 \u00f6rnek alarak 5 ay evvel ba\u015flad\u0131\u011f\u0131 g\u00fcre\u015fte 2 hafta evvel Tekirda\u011f&#8217;da d\u00fczenlenen T\u00fcrkiye \u015eampiyonas\u0131&#8217;nda \u00fc\u00e7\u00fcnc\u00fc oldu\u011funu s\u00f6yledi.<\/p>\n<p> Ablas\u0131n\u0131n ba\u015far\u0131l\u0131 bir\u00a0g\u00fcre\u015f\u00e7i\u00a0oldu\u011funu aktaran Fatma, &#8220;Ablam, gitti\u011fi her yar\u0131\u015fta derece elde ediyordu. Ben de onu \u00f6rnek ald\u0131m ve onun \u00fczere tertipli \u00e7al\u0131\u015ft\u0131m. Onunla bir arada \u00e7al\u0131\u015fmalar\u0131m\u0131 s\u00fcrd\u00fcrd\u00fcm. Birinci m\u00fcsabakada T\u00fcrkiye \u00fc\u00e7\u00fcnc\u00fcs\u00fc oldum.\u00a0Milli\u00a0tak\u0131ma se\u00e7ilmek i\u00e7in a\u011f\u0131r gayret g\u00f6steriyorum.&#8221; s\u00f6zlerini kulland\u0131.<\/p>\n<p> <strong>&#8211; &#8220;Kendisine g\u00fcveniyoruz&#8221;<\/strong><\/p>\n<p> Antren\u00f6r P\u0131nar \u00dcnal da\u00a0\u015eirin&#8217;in yeni muvaffakiyetler kazanmak i\u00e7in tertipli bir bi\u00e7imde \u00e7al\u0131\u015ft\u0131\u011f\u0131n\u0131 belirterek, &#8220;S\u0131rbistan&#8217;da maksad\u0131m\u0131z alt\u0131n madalyay\u0131 al\u0131p, ay y\u0131ld\u0131zl\u0131 bayra\u011f\u0131m\u0131z\u0131 dalgaland\u0131rmak. D\u00f6nd\u00fckten sonra tekrar\u00a0milli\u00a0tak\u0131m kamp\u0131na girecek. Daha sonra \u0130talya&#8217;da d\u00fczenlenecek \u015fampiyonaya kat\u0131lacak. Kendisine g\u00fcveniyoruz, \u015fimdiden muvaffakiyetler diliyoruz.&#8221; de\u011ferlendirmesinde bulundu.<\/p>\n<p> \u00dcnal, ablas\u0131 \u00fczere g\u00fcre\u015fe ba\u015flayan Fatma&#8217;n\u0131n da gelecek vadeden atletler ortas\u0131nda yer ald\u0131\u011f\u0131n\u0131 bildirdi.<\/p>\n<p> Gen\u00e7lik ve Spor Vilayet M\u00fcd\u00fcr\u00fc \u0130smail \u00c7algan ise Gen\u00e7lik ve Spor Bakanl\u0131\u011f\u0131n\u0131n her yerde oldu\u011fu \u00fczere Siirt&#8217;te de \u00f6nemli yat\u0131r\u0131mlar yapt\u0131\u011f\u0131 s\u00f6yledi.<\/p>\n<p> Kentte spor tesislerinden, atlet e\u011fitim merkezlerine, y\u00fczme havuzlar\u0131ndan futbol alanlar\u0131na kadar her alanda yap\u0131lan yat\u0131r\u0131mlar\u0131n gen\u00e7ler taraf\u0131ndan ilgi g\u00f6rd\u00fc\u011f\u00fcn\u00fc belirten \u00c7algan, &#8220;\u00d6zellikle k\u0131z \u00e7ocuklar\u0131m\u0131za y\u00f6nelik yat\u0131r\u0131mlarla hem ulusal hem memleketler aras\u0131 muvaffakiyetleri beraberinde geliyor.&#8221; diye konu\u015ftu.<\/p>\n","protected":false},"excerpt":{"rendered":"<p>Ge\u00e7en y\u0131l Yunanistan&#8217;da d\u00fczenlenen Avrupa \u015eampiyonas\u0131&#8217;nda bronz madalya kazanan Ho\u015f A\u015fkara, bu y\u0131l alt\u0131n madalya almak i\u00e7in \u00e7aba edecek.<\/p>\n","protected":false},"author":1,"featured_media":36042,"comment_status":"open","ping_status":"open","sticky":false,"template":"","format":"standard","meta":{"footnotes":""},"categories":[27],"tags":[2842,280,91,65,222],"class_list":["post-36041","post","type-post","status-publish","format-standard","has-post-thumbnail","hentry","category-guncel-haberler","tag-fatma","tag-gures","tag-sampiyon","tag-spor","tag-turkiye"],"_links":{"self":[{"href":"https:\/\/haberbesiktas.tr\/index.php?rest_route=\/wp\/v2\/posts\/36041","targetHints":{"allow":["GET"]}}],"collection":[{"href":"https:\/\/haberbesiktas.tr\/index.php?rest_route=\/wp\/v2\/posts"}],"about":[{"href":"https:\/\/haberbesiktas.tr\/index.php?rest_route=\/wp\/v2\/types\/post"}],"author":[{"embeddable":true,"href":"https:\/\/haberbesiktas.tr\/index.php?rest_route=\/wp\/v2\/users\/1"}],"replies":[{"embeddable":true,"href":"https:\/\/haberbesiktas.tr\/index.php?rest_route=%2Fwp%2Fv2%2Fcomments&post=36041"}],"version-history":[{"count":1,"href":"https:\/\/haberbesiktas.tr\/index.php?rest_route=\/wp\/v2\/posts\/36041\/revisions"}],"predecessor-version":[{"id":36043,"href":"https:\/\/haberbesiktas.tr\/index.php?rest_route=\/wp\/v2\/posts\/36041\/revisions\/36043"}],"wp:featuredmedia":[{"embeddable":true,"href":"https:\/\/haberbesiktas.tr\/index.php?rest_route=\/wp\/v2\/media\/36042"}],"wp:attachment":[{"href":"https:\/\/haberbesiktas.tr\/index.php?rest_route=%2Fwp%2Fv2%2Fmedia&parent=36041"}],"wp:term":[{"taxonomy":"category","embeddable":true,"href":"https:\/\/haberbesiktas.tr\/index.php?rest_route=%2Fwp%2Fv2%2Fcategories&post=36041"},{"taxonomy":"post_tag","embeddable":true,"href":"https:\/\/haberbesiktas.tr\/index.php?rest_route=%2Fwp%2Fv2%2Ftags&post=36041"}],"curies":[{"name":"wp","href":"https:\/\/api.w.org\/{rel}","templated":true}]}}