{"id":36127,"date":"2025-06-10T19:12:09","date_gmt":"2025-06-10T19:12:09","guid":{"rendered":"https:\/\/haberbesiktas.tr\/?p=36127"},"modified":"2025-06-10T19:12:09","modified_gmt":"2025-06-10T19:12:09","slug":"inter-ligde-seriye-bagladi","status":"publish","type":"post","link":"https:\/\/haberbesiktas.tr\/?p=36127","title":{"rendered":"Inter, ligde seriye ba\u011flad\u0131!"},"content":{"rendered":"<div>\u0130talya Serie A 30. hafta ma\u00e7\u0131nda Inter, alan\u0131nda Udinese ile kar\u015f\u0131 kar\u015f\u0131ya geldi. Inter, ma\u00e7tan 2-1&#8217;lik galibiyetle ayr\u0131ld\u0131.<\/p>\n<p> Inter&#8217;e galibiyeti getiren golleri 12. dakikada Marko Arnautovic ve 29. dakikada Davide Frattesi att\u0131. Udinese&#8217;nin tek gol\u00fc 71. dakikada Oumar Solet&#8217;ten geldi.<\/p>\n<p> Inter, bu galibiyetle birlikte ligde art geriye \u00fc\u00e7\u00fcnc\u00fc galibiyetini elde etti.<\/p>\n<p> Inter formas\u0131 giyen ulusal futbolcu Hakan \u00c7alhano\u011flu, m\u00fcsabakaya birinci 11&#8217;de ba\u015flad\u0131 ve 64 dakika alanda kald\u0131.<\/p>\n<p> Bu sonucun ard\u0131ndan Inter, ligde 67 puana y\u00fckseldi. Udinese, 40 puanda kald\u0131.<\/p>\n<p> \u0130talya Serie A&#8217;n\u0131n bir sonraki haftas\u0131nda Inter, Parma deplasman\u0131na gidecek. Udinese ise Genoa deplasman\u0131na konuk olacak.<\/p>\n<\/div>\n<p><\/p>\n","protected":false},"excerpt":{"rendered":"<p>\u0130talya Serie A&#8217;da Inter, alan\u0131nda Udinese&#8217;yi 2-1 ma\u011flup etti ve ligde art geriye \u00fc\u00e7\u00fcnc\u00fc galibiyetini elde etti.<\/p>\n","protected":false},"author":1,"featured_media":36128,"comment_status":"open","ping_status":"open","sticky":false,"template":"","format":"standard","meta":{"footnotes":""},"categories":[25],"tags":[622],"class_list":["post-36127","post","type-post","status-publish","format-standard","has-post-thumbnail","hentry","category-futbol","tag-inter"],"_links":{"self":[{"href":"https:\/\/haberbesiktas.tr\/index.php?rest_route=\/wp\/v2\/posts\/36127","targetHints":{"allow":["GET"]}}],"collection":[{"href":"https:\/\/haberbesiktas.tr\/index.php?rest_route=\/wp\/v2\/posts"}],"about":[{"href":"https:\/\/haberbesiktas.tr\/index.php?rest_route=\/wp\/v2\/types\/post"}],"author":[{"embeddable":true,"href":"https:\/\/haberbesiktas.tr\/index.php?rest_route=\/wp\/v2\/users\/1"}],"replies":[{"embeddable":true,"href":"https:\/\/haberbesiktas.tr\/index.php?rest_route=%2Fwp%2Fv2%2Fcomments&post=36127"}],"version-history":[{"count":1,"href":"https:\/\/haberbesiktas.tr\/index.php?rest_route=\/wp\/v2\/posts\/36127\/revisions"}],"predecessor-version":[{"id":36129,"href":"https:\/\/haberbesiktas.tr\/index.php?rest_route=\/wp\/v2\/posts\/36127\/revisions\/36129"}],"wp:featuredmedia":[{"embeddable":true,"href":"https:\/\/haberbesiktas.tr\/index.php?rest_route=\/wp\/v2\/media\/36128"}],"wp:attachment":[{"href":"https:\/\/haberbesiktas.tr\/index.php?rest_route=%2Fwp%2Fv2%2Fmedia&parent=36127"}],"wp:term":[{"taxonomy":"category","embeddable":true,"href":"https:\/\/haberbesiktas.tr\/index.php?rest_route=%2Fwp%2Fv2%2Fcategories&post=36127"},{"taxonomy":"post_tag","embeddable":true,"href":"https:\/\/haberbesiktas.tr\/index.php?rest_route=%2Fwp%2Fv2%2Ftags&post=36127"}],"curies":[{"name":"wp","href":"https:\/\/api.w.org\/{rel}","templated":true}]}}