{"id":36155,"date":"2025-06-10T21:24:08","date_gmt":"2025-06-10T21:24:08","guid":{"rendered":"https:\/\/haberbesiktas.tr\/?p=36155"},"modified":"2025-06-10T21:24:08","modified_gmt":"2025-06-10T21:24:08","slug":"lille-derbide-lensi-devirdi","status":"publish","type":"post","link":"https:\/\/haberbesiktas.tr\/?p=36155","title":{"rendered":"Lille, derbide Lens&#8217;i devirdi!"},"content":{"rendered":"<div>Fransa Ligue 1 27. hafta ma\u00e7\u0131nda Lille, alan\u0131nda Nord derbisinde Lens ile kar\u015f\u0131 kar\u015f\u0131ya geldi. Stade Pierre Mauroy&#8217;da oynanan ma\u00e7\u0131 Lille, 1-0&#8217;l\u0131k skorla kazand\u0131.<\/p>\n<p> Lille&#8217;e galibiyeti getiren gol\u00fc 19. dakikada Mathias Fernandez-Pardo att\u0131.<\/p>\n<p> Lille, bu sonucun akabinde 47 puana y\u00fckseldi. Lens, 39 puanda kald\u0131.<\/p>\n<p> Fransa Ligue 1&#8217;in gelecek haftas\u0131nda Lille, Lyon deplasman\u0131na gidecek. Lens, alan\u0131nda Saint-Etienne ile kar\u015f\u0131 kar\u015f\u0131ya gelecek.<\/p>\n<\/div>\n<p><\/p>\n","protected":false},"excerpt":{"rendered":"<p>Fransa Ligue 1&#8217;de Lille, derbide alan\u0131nda a\u011f\u0131rlad\u0131\u011f\u0131 Lens&#8217;i 1-0 ma\u011flup etti.<\/p>\n","protected":false},"author":1,"featured_media":36156,"comment_status":"open","ping_status":"open","sticky":false,"template":"","format":"standard","meta":{"footnotes":""},"categories":[25],"tags":[],"class_list":["post-36155","post","type-post","status-publish","format-standard","has-post-thumbnail","hentry","category-futbol"],"_links":{"self":[{"href":"https:\/\/haberbesiktas.tr\/index.php?rest_route=\/wp\/v2\/posts\/36155","targetHints":{"allow":["GET"]}}],"collection":[{"href":"https:\/\/haberbesiktas.tr\/index.php?rest_route=\/wp\/v2\/posts"}],"about":[{"href":"https:\/\/haberbesiktas.tr\/index.php?rest_route=\/wp\/v2\/types\/post"}],"author":[{"embeddable":true,"href":"https:\/\/haberbesiktas.tr\/index.php?rest_route=\/wp\/v2\/users\/1"}],"replies":[{"embeddable":true,"href":"https:\/\/haberbesiktas.tr\/index.php?rest_route=%2Fwp%2Fv2%2Fcomments&post=36155"}],"version-history":[{"count":1,"href":"https:\/\/haberbesiktas.tr\/index.php?rest_route=\/wp\/v2\/posts\/36155\/revisions"}],"predecessor-version":[{"id":36157,"href":"https:\/\/haberbesiktas.tr\/index.php?rest_route=\/wp\/v2\/posts\/36155\/revisions\/36157"}],"wp:featuredmedia":[{"embeddable":true,"href":"https:\/\/haberbesiktas.tr\/index.php?rest_route=\/wp\/v2\/media\/36156"}],"wp:attachment":[{"href":"https:\/\/haberbesiktas.tr\/index.php?rest_route=%2Fwp%2Fv2%2Fmedia&parent=36155"}],"wp:term":[{"taxonomy":"category","embeddable":true,"href":"https:\/\/haberbesiktas.tr\/index.php?rest_route=%2Fwp%2Fv2%2Fcategories&post=36155"},{"taxonomy":"post_tag","embeddable":true,"href":"https:\/\/haberbesiktas.tr\/index.php?rest_route=%2Fwp%2Fv2%2Ftags&post=36155"}],"curies":[{"name":"wp","href":"https:\/\/api.w.org\/{rel}","templated":true}]}}