{"id":3618,"date":"2025-01-14T18:42:41","date_gmt":"2025-01-14T18:42:41","guid":{"rendered":"https:\/\/haberbesiktas.tr\/?p=3618"},"modified":"2025-01-14T18:42:41","modified_gmt":"2025-01-14T18:42:41","slug":"uci-pist-bisikleti-uluslar-kupasi-konyada-yapilacak","status":"publish","type":"post","link":"https:\/\/haberbesiktas.tr\/?p=3618","title":{"rendered":"UCI Pist Bisikleti Uluslar Kupas\u0131 Konya&#8217;da yap\u0131lacak"},"content":{"rendered":"<p>UCI Pist Bisikleti Uluslar Kupas\u0131, 14-16 Mart tarihlerinde Konya&#8217;da d\u00fczenlenecek.<\/p>\n<p> T\u00fcrkiye Bisiklet Federasyonunun a\u00e7\u0131klamas\u0131na nazaran d\u00fcnyan\u0131n en itibarl\u0131 pist bisikleti tertipleri ortas\u0131nda yer alan UCI Pist Bisikleti Uluslar Kupas\u0131, T\u00fcrkiye&#8217;de birinci sefer ger\u00e7ekle\u015ftirilecek.<\/p>\n<p> Konya Olimpik Veledromu&#8217;nun konut sahipli\u011fi yapaca\u011f\u0131 tertibe, 5 k\u0131tadan 40&#8217;tan fazla \u00fclke ve 400&#8217;e yak\u0131n atlet kat\u0131lacak.<\/p>\n<p> Tertibin haz\u0131rl\u0131klar\u0131 kapsam\u0131nda Koordinasyon Kurulu Toplant\u0131s\u0131, Konya Valisi \u0130brahim Ak\u0131n ba\u015fkanl\u0131\u011f\u0131nda yap\u0131ld\u0131. T\u00fcrkiye Bisiklet Federasyonu Ba\u015fkan\u0131 Emin M\u00fcft\u00fco\u011flu da Karatay Gen\u00e7lik Merkezi&#8217;ndeki toplant\u0131da yer ald\u0131.<\/p>\n","protected":false},"excerpt":{"rendered":"<p>D\u00fcnyan\u0131n en itibarl\u0131 pist bisikleti tertiplerinden biri olan UCI Pist Bisikleti Uluslar Kupas\u0131, 14-16 Mart tarihlerinde Konya&#8217;da yap\u0131lacak.<\/p>\n","protected":false},"author":1,"featured_media":3619,"comment_status":"open","ping_status":"open","sticky":false,"template":"","format":"standard","meta":{"footnotes":""},"categories":[27],"tags":[489],"class_list":["post-3618","post","type-post","status-publish","format-standard","has-post-thumbnail","hentry","category-guncel-haberler","tag-bisiklet"],"_links":{"self":[{"href":"https:\/\/haberbesiktas.tr\/index.php?rest_route=\/wp\/v2\/posts\/3618","targetHints":{"allow":["GET"]}}],"collection":[{"href":"https:\/\/haberbesiktas.tr\/index.php?rest_route=\/wp\/v2\/posts"}],"about":[{"href":"https:\/\/haberbesiktas.tr\/index.php?rest_route=\/wp\/v2\/types\/post"}],"author":[{"embeddable":true,"href":"https:\/\/haberbesiktas.tr\/index.php?rest_route=\/wp\/v2\/users\/1"}],"replies":[{"embeddable":true,"href":"https:\/\/haberbesiktas.tr\/index.php?rest_route=%2Fwp%2Fv2%2Fcomments&post=3618"}],"version-history":[{"count":1,"href":"https:\/\/haberbesiktas.tr\/index.php?rest_route=\/wp\/v2\/posts\/3618\/revisions"}],"predecessor-version":[{"id":3620,"href":"https:\/\/haberbesiktas.tr\/index.php?rest_route=\/wp\/v2\/posts\/3618\/revisions\/3620"}],"wp:featuredmedia":[{"embeddable":true,"href":"https:\/\/haberbesiktas.tr\/index.php?rest_route=\/wp\/v2\/media\/3619"}],"wp:attachment":[{"href":"https:\/\/haberbesiktas.tr\/index.php?rest_route=%2Fwp%2Fv2%2Fmedia&parent=3618"}],"wp:term":[{"taxonomy":"category","embeddable":true,"href":"https:\/\/haberbesiktas.tr\/index.php?rest_route=%2Fwp%2Fv2%2Fcategories&post=3618"},{"taxonomy":"post_tag","embeddable":true,"href":"https:\/\/haberbesiktas.tr\/index.php?rest_route=%2Fwp%2Fv2%2Ftags&post=3618"}],"curies":[{"name":"wp","href":"https:\/\/api.w.org\/{rel}","templated":true}]}}