{"id":3621,"date":"2025-01-14T18:54:45","date_gmt":"2025-01-14T18:54:45","guid":{"rendered":"https:\/\/haberbesiktas.tr\/?p=3621"},"modified":"2025-01-14T18:54:45","modified_gmt":"2025-01-14T18:54:45","slug":"fenerbahceden-galatasaray-tepkisi-takipcisiyiz","status":"publish","type":"post","link":"https:\/\/haberbesiktas.tr\/?p=3621","title":{"rendered":"Fenerbah\u00e7e&#8217;den Galatasaray tepkisi: &#8220;Takip\u00e7isiyiz&#8221;"},"content":{"rendered":"<div>Fenerbah\u00e7e, Galatasaray ile ilgili karaborsa bilet haberlerinin akabinde bir a\u00e7\u0131klama yapt\u0131.<\/p>\n<p> <strong>Fenerbah\u00e7e&#8217;nin a\u00e7\u0131klamas\u0131 \u015fu halde:<\/strong><\/p>\n<p> &#8220;Bir rakibimiz ile ilgili kendi kul\u00fcp \u00fcyeleri taraf\u0131ndan ortaya at\u0131lan karaborsa arg\u00fcmanlar\u0131 hakk\u0131nda Fenerbah\u00e7e Spor Kul\u00fcb\u00fc olarak devletimizin ilgili t\u00fcm kurumlar\u0131n\u0131 ayr\u0131nt\u0131l\u0131 olarak bilgilendirmi\u015f; gerekli ara\u015ft\u0131rma ve soru\u015fturmalar\u0131n yap\u0131lmas\u0131n\u0131 talep etmi\u015ftik.<\/p>\n<p> Mevzu, Liderimiz Say\u0131n Ali Y. Ko\u00e7&#8217;un son bas\u0131n toplant\u0131s\u0131ndaki s\u00f6zleri \u00fczerine bug\u00fcn kimi bas\u0131n kurulu\u015flar\u0131 ve toplumsal medyada yine g\u00fcndem olmu\u015ftur.<\/p>\n<p> \u00dcz\u00fclerek belirtmek isteriz ki savc\u0131l\u0131k belgesindeki eksiklik bug\u00fcn g\u00fcndem olan \u015fahit beyan\u0131ndan ibaret de\u011fildir.<\/p>\n<p> \u0130stanbul Cumhuriyet Ba\u015fsavc\u0131l\u0131\u011f\u0131 taraf\u0131ndan ba\u015flat\u0131lan soru\u015fturma kapsam\u0131nda, k\u00e2fi ve ayr\u0131nt\u0131l\u0131 ara\u015ft\u0131rma ile faal bir soru\u015fturma yap\u0131lmaks\u0131z\u0131n, savlar hakk\u0131nda kovu\u015fturmaya yer olmad\u0131\u011f\u0131na karar verildi\u011fi d\u00fc\u015f\u00fcn\u00fclmektedir.<\/p>\n<p> Bu sebeple;<\/p>\n<p> Kul\u00fcb\u00fcm\u00fcz taraf\u0131ndan hem direkt kendisini ilgilendiren hem de toplumsal sorumluluk gere\u011fi verilen bu karara kar\u015f\u0131 31 Aral\u0131k 2024 tarihinde savc\u0131l\u0131k makam\u0131n\u0131n karar\u0131n\u0131n kald\u0131r\u0131lmas\u0131 i\u00e7in bir \u00fcst merciye m\u00fcracaat edilmi\u015ftir.<\/p>\n<p> Kamu vicdan\u0131 a\u00e7\u0131s\u0131ndan kelam konusu soru\u015fturma, hukukun gerektirdi\u011fi \u00fczere, en ince detay\u0131na kadar ara\u015ft\u0131r\u0131larak sonu\u00e7land\u0131r\u0131lmal\u0131d\u0131r.<\/p>\n<p> Esasen bahsi ge\u00e7en kul\u00fcp de savlara ait olarak rastgele bir usuls\u00fczl\u00fck olmad\u0131\u011f\u0131n\u0131 d\u00fc\u015f\u00fcn\u00fcyor ve kendini hatas\u0131z g\u00f6r\u00fcyorsa adaletin tecellisi i\u00e7in soru\u015fturman\u0131n derinle\u015ftirilmesine takviye verecektir.<\/p>\n<p> \u0130simli makamlar\u0131n hususa hassasiyetle yakla\u015faca\u011f\u0131na inanarak, bu ve gibisi hususlarda t\u00fcm haklar\u0131m\u0131z\u0131 kullanaca\u011f\u0131m\u0131z\u0131n ve sonuna kadar s\u00fcrecin takip\u00e7isi olaca\u011f\u0131m\u0131z\u0131n bilinmesini isteriz.&#8221;<\/p>\n<\/div>\n","protected":false},"excerpt":{"rendered":"<p>Fenerbah\u00e7e, Galatasaray ile ilgili karaborsa bilet haberlerinin akabinde bir a\u00e7\u0131klama yapt\u0131.<\/p>\n","protected":false},"author":1,"featured_media":3622,"comment_status":"open","ping_status":"open","sticky":false,"template":"","format":"standard","meta":{"footnotes":""},"categories":[25],"tags":[488],"class_list":["post-3621","post","type-post","status-publish","format-standard","has-post-thumbnail","hentry","category-futbol","tag-sorusturma"],"_links":{"self":[{"href":"https:\/\/haberbesiktas.tr\/index.php?rest_route=\/wp\/v2\/posts\/3621","targetHints":{"allow":["GET"]}}],"collection":[{"href":"https:\/\/haberbesiktas.tr\/index.php?rest_route=\/wp\/v2\/posts"}],"about":[{"href":"https:\/\/haberbesiktas.tr\/index.php?rest_route=\/wp\/v2\/types\/post"}],"author":[{"embeddable":true,"href":"https:\/\/haberbesiktas.tr\/index.php?rest_route=\/wp\/v2\/users\/1"}],"replies":[{"embeddable":true,"href":"https:\/\/haberbesiktas.tr\/index.php?rest_route=%2Fwp%2Fv2%2Fcomments&post=3621"}],"version-history":[{"count":1,"href":"https:\/\/haberbesiktas.tr\/index.php?rest_route=\/wp\/v2\/posts\/3621\/revisions"}],"predecessor-version":[{"id":3623,"href":"https:\/\/haberbesiktas.tr\/index.php?rest_route=\/wp\/v2\/posts\/3621\/revisions\/3623"}],"wp:featuredmedia":[{"embeddable":true,"href":"https:\/\/haberbesiktas.tr\/index.php?rest_route=\/wp\/v2\/media\/3622"}],"wp:attachment":[{"href":"https:\/\/haberbesiktas.tr\/index.php?rest_route=%2Fwp%2Fv2%2Fmedia&parent=3621"}],"wp:term":[{"taxonomy":"category","embeddable":true,"href":"https:\/\/haberbesiktas.tr\/index.php?rest_route=%2Fwp%2Fv2%2Fcategories&post=3621"},{"taxonomy":"post_tag","embeddable":true,"href":"https:\/\/haberbesiktas.tr\/index.php?rest_route=%2Fwp%2Fv2%2Ftags&post=3621"}],"curies":[{"name":"wp","href":"https:\/\/api.w.org\/{rel}","templated":true}]}}