{"id":36330,"date":"2025-06-11T04:48:07","date_gmt":"2025-06-11T04:48:07","guid":{"rendered":"https:\/\/haberbesiktas.tr\/?p=36330"},"modified":"2025-06-11T04:48:07","modified_gmt":"2025-06-11T04:48:07","slug":"besiktastan-galatasaraya-8-yil-sonra-cevap-2","status":"publish","type":"post","link":"https:\/\/haberbesiktas.tr\/?p=36330","title":{"rendered":"Be\u015fikta\u015f&#8217;tan Galatasaray&#8217;a 8 y\u0131l sonra cevap!"},"content":{"rendered":"<div>Trendyol \u00dcst\u00fcn Lig&#8217;in 29. haftas\u0131nda Be\u015fikta\u015f, alan\u0131nda Galatasaray&#8217;\u0131 2-1 ma\u011flup etti. Sar\u0131-k\u0131rm\u0131z\u0131l\u0131lar\u0131n ligdeki yenilmezlik serisini bitiren Be\u015fikta\u015f, rakibine dikkat \u00e7eken bir g\u00f6ndermede bulundu.<\/p>\n<p> Be\u015fikta\u015f&#8217;\u0131n 2017 y\u0131l\u0131nda Avrupa Ligi son 16 cinsinde Lyon&#8217;a elendi\u011fi ma\u00e7\u0131n sonraki g\u00fcn\u00fc Galatasaray, 2000 y\u0131l\u0131nda kazand\u0131\u011f\u0131 UEFA kupas\u0131n\u0131 &#8220;Tarih bir kez yaz\u0131ld\u0131&#8221; etiketiyle payla\u015fm\u0131\u015ft\u0131.<\/p>\n<p> <strong>8 YIL SONRA CEVAP!<\/strong><\/p>\n<p> Derbi zaferi sonras\u0131 Be\u015fikta\u015f&#8217;tan Galatasaray&#8217;a 8 y\u0131l sonra yan\u0131t geldi.<\/p>\n<p> Siyah-Beyazl\u0131lar, Galatasaray&#8217;\u0131n 2017&#8217;deki g\u00f6nderisini al\u0131nt\u0131lad\u0131 ve 1991-1992 d\u00f6neminde nama\u011flup \u015fampiyon olan Be\u015fikta\u015f tak\u0131m\u0131n\u0131n foto\u011fraf\u0131n\u0131 payla\u015ft\u0131. Be\u015fikta\u015f yapt\u0131\u011f\u0131 payla\u015f\u0131ma, <strong>&#8220;Nama\u011flup tek \u015fampiyon&#8221;<\/strong> notunu d\u00fc\u015ft\u00fc.\u00a0<\/p>\n<blockquote class=\"twitter-tweet\" data-width=\"500\" data-dnt=\"true\">\n<p lang=\"tr\" dir=\"ltr\">Be\u015fikta\u015f&#39;\u0131n payla\u015f\u0131m\u0131: &quot;Nama\u011flup tek \u015fampiyon\ud83d\udc4d&quot; <a href=\"https:\/\/t.co\/vK9YrkgUzO\" rel=\"nofollow\">https:\/\/t.co\/vK9YrkgUzO<\/a><\/p>\n<p>&mdash; Sporx (@sporx) <a href=\"https:\/\/twitter.com\/sporx\/status\/1906248451706208306?ref_src=twsrc%5Etfw\" rel=\"nofollow noopener\" target=\"_blank\">March 30, 2025<\/a><\/p><\/blockquote>\n<p><script async src=\"https:\/\/platform.twitter.com\/widgets.js\" charset=\"utf-8\"><\/script><\/p>\n<\/p><\/div>\n","protected":false},"excerpt":{"rendered":"<p>Derbide Galatasaray&#8217;\u0131 2-1 ma\u011flup eden Be\u015fikta\u015f, sar\u0131-k\u0131rm\u0131z\u0131l\u0131lar\u0131n ligdeki nama\u011flup unvan\u0131n\u0131 elinden ald\u0131. Siyah-beyazl\u0131lar, derbi sonras\u0131 Galatasaray&#8217;\u0131n 21 Nisan 2017&#8217;de yapt\u0131\u011f\u0131 bir payla\u015f\u0131m\u0131 al\u0131nt\u0131layarak payla\u015f\u0131m yapt\u0131.<\/p>\n","protected":false},"author":1,"featured_media":36331,"comment_status":"open","ping_status":"open","sticky":false,"template":"","format":"standard","meta":{"footnotes":""},"categories":[10],"tags":[71],"class_list":["post-36330","post","type-post","status-publish","format-standard","has-post-thumbnail","hentry","category-basketbol","tag-besiktas"],"_links":{"self":[{"href":"https:\/\/haberbesiktas.tr\/index.php?rest_route=\/wp\/v2\/posts\/36330","targetHints":{"allow":["GET"]}}],"collection":[{"href":"https:\/\/haberbesiktas.tr\/index.php?rest_route=\/wp\/v2\/posts"}],"about":[{"href":"https:\/\/haberbesiktas.tr\/index.php?rest_route=\/wp\/v2\/types\/post"}],"author":[{"embeddable":true,"href":"https:\/\/haberbesiktas.tr\/index.php?rest_route=\/wp\/v2\/users\/1"}],"replies":[{"embeddable":true,"href":"https:\/\/haberbesiktas.tr\/index.php?rest_route=%2Fwp%2Fv2%2Fcomments&post=36330"}],"version-history":[{"count":1,"href":"https:\/\/haberbesiktas.tr\/index.php?rest_route=\/wp\/v2\/posts\/36330\/revisions"}],"predecessor-version":[{"id":36332,"href":"https:\/\/haberbesiktas.tr\/index.php?rest_route=\/wp\/v2\/posts\/36330\/revisions\/36332"}],"wp:featuredmedia":[{"embeddable":true,"href":"https:\/\/haberbesiktas.tr\/index.php?rest_route=\/wp\/v2\/media\/36331"}],"wp:attachment":[{"href":"https:\/\/haberbesiktas.tr\/index.php?rest_route=%2Fwp%2Fv2%2Fmedia&parent=36330"}],"wp:term":[{"taxonomy":"category","embeddable":true,"href":"https:\/\/haberbesiktas.tr\/index.php?rest_route=%2Fwp%2Fv2%2Fcategories&post=36330"},{"taxonomy":"post_tag","embeddable":true,"href":"https:\/\/haberbesiktas.tr\/index.php?rest_route=%2Fwp%2Fv2%2Ftags&post=36330"}],"curies":[{"name":"wp","href":"https:\/\/api.w.org\/{rel}","templated":true}]}}