{"id":36445,"date":"2025-06-11T13:24:08","date_gmt":"2025-06-11T13:24:08","guid":{"rendered":"https:\/\/haberbesiktas.tr\/?p=36445"},"modified":"2025-06-11T13:24:08","modified_gmt":"2025-06-11T13:24:08","slug":"fenerbahceye-derbi-oncesi-iki-mujde-fred-ve-caglar-2","status":"publish","type":"post","link":"https:\/\/haberbesiktas.tr\/?p=36445","title":{"rendered":"Fenerbah\u00e7e&#8217;ye derbi \u00f6ncesi iki m\u00fcjde: Fred ve \u00c7a\u011flar"},"content":{"rendered":"<div>Ziraat T\u00fcrkiye Kupas\u0131&#8217;nda \u00e7ar\u015famba g\u00fcn\u00fc Galatasaray ile kar\u015f\u0131 kar\u015f\u0131ya gelecek Fenerbah\u00e7e, bu ma\u00e7\u0131n haz\u0131rl\u0131klar\u0131na ba\u015flad\u0131.<\/p>\n<p> Galatasaray derbisinin haz\u0131rl\u0131klar\u0131na ba\u015flayan Fenerbah\u00e7e&#8217;ye m\u00fcjdeli bir haber geldi. Sar\u0131-lacivertlilerde sakatl\u0131\u011f\u0131n\u0131 atlatan orta saha oyuncusu Fred, grupla \u00e7al\u0131\u015fmalara ba\u015flad\u0131.<\/p>\n<p> Fred&#8217;in Galatasaray ile oynanacak T\u00fcrkiye Kupas\u0131 ma\u00e7\u0131na yeti\u015fmesi bekleniyor. 32 ya\u015f\u0131ndaki futbolcu, sakatl\u0131\u011f\u0131 nedeniyle ligdeki Bodrum FK ma\u00e7\u0131nda forma giyememi\u015fti.<\/p>\n<p> Fenerbah\u00e7e&#8217;de bu d\u00f6nem 36 ma\u00e7ta m\u00fcddet bulan Brezilyal\u0131 orta saha oyuncusu 4 gol att\u0131 ve 8 asist yapt\u0131.<\/p>\n<p><strong>Fred&#8217;in idmandaki imgesi:<\/strong><\/p>\n<p><img decoding=\"async\" src=\"https:\/\/haberbesiktas.tr\/wp-content\/uploads\/2025\/06\/fenerbahceye-derbi-oncesi-iki-mujde-fred-ve-caglar-0-2ZAIEexv.jpg\"\/><\/p>\n<p> <strong>\u00c7A\u011eLAR DA KADROYLA \u00c7ALI\u015eTI<\/strong><\/p>\n<p> \u00d6te yandan Fred ile birlikte sakatl\u0131\u011f\u0131n\u0131 atlatan bir \u00f6teki isim \u00c7a\u011flar S\u00f6y\u00fcnc\u00fc de Galatasaray derbisi \u00f6ncesi birinci idmanda grupla \u00e7al\u0131\u015ft\u0131.<\/p>\n<p> <strong>\u00c7a\u011flar&#8217;\u0131n idmandaki manzaras\u0131:<\/p>\n<p><img decoding=\"async\" src=\"https:\/\/haberbesiktas.tr\/wp-content\/uploads\/2025\/06\/fenerbahceye-derbi-oncesi-iki-mujde-fred-ve-caglar-1-KG2aaUPd.jpg\"\/><br \/><\/strong><\/p>\n<\/div>\n","protected":false},"excerpt":{"rendered":"<p>Fenerbah\u00e7e&#8217;nin orta saha oyuncusu Fred, sakatl\u0131\u011f\u0131n\u0131n akabinde grupla \u00e7al\u0131\u015fmalara ba\u015flad\u0131. Fenerbah\u00e7e&#8217;de bir \u00f6teki sakatl\u0131\u011f\u0131n\u0131 atlatan isim \u00c7a\u011flar S\u00f6y\u00fcnc\u00fc de grupla \u00e7al\u0131\u015ft\u0131.<\/p>\n","protected":false},"author":1,"featured_media":36446,"comment_status":"open","ping_status":"open","sticky":false,"template":"","format":"standard","meta":{"footnotes":""},"categories":[10],"tags":[],"class_list":["post-36445","post","type-post","status-publish","format-standard","has-post-thumbnail","hentry","category-basketbol"],"_links":{"self":[{"href":"https:\/\/haberbesiktas.tr\/index.php?rest_route=\/wp\/v2\/posts\/36445","targetHints":{"allow":["GET"]}}],"collection":[{"href":"https:\/\/haberbesiktas.tr\/index.php?rest_route=\/wp\/v2\/posts"}],"about":[{"href":"https:\/\/haberbesiktas.tr\/index.php?rest_route=\/wp\/v2\/types\/post"}],"author":[{"embeddable":true,"href":"https:\/\/haberbesiktas.tr\/index.php?rest_route=\/wp\/v2\/users\/1"}],"replies":[{"embeddable":true,"href":"https:\/\/haberbesiktas.tr\/index.php?rest_route=%2Fwp%2Fv2%2Fcomments&post=36445"}],"version-history":[{"count":1,"href":"https:\/\/haberbesiktas.tr\/index.php?rest_route=\/wp\/v2\/posts\/36445\/revisions"}],"predecessor-version":[{"id":36449,"href":"https:\/\/haberbesiktas.tr\/index.php?rest_route=\/wp\/v2\/posts\/36445\/revisions\/36449"}],"wp:featuredmedia":[{"embeddable":true,"href":"https:\/\/haberbesiktas.tr\/index.php?rest_route=\/wp\/v2\/media\/36446"}],"wp:attachment":[{"href":"https:\/\/haberbesiktas.tr\/index.php?rest_route=%2Fwp%2Fv2%2Fmedia&parent=36445"}],"wp:term":[{"taxonomy":"category","embeddable":true,"href":"https:\/\/haberbesiktas.tr\/index.php?rest_route=%2Fwp%2Fv2%2Fcategories&post=36445"},{"taxonomy":"post_tag","embeddable":true,"href":"https:\/\/haberbesiktas.tr\/index.php?rest_route=%2Fwp%2Fv2%2Ftags&post=36445"}],"curies":[{"name":"wp","href":"https:\/\/api.w.org\/{rel}","templated":true}]}}