{"id":36561,"date":"2025-06-11T22:36:08","date_gmt":"2025-06-11T22:36:08","guid":{"rendered":"https:\/\/haberbesiktas.tr\/?p=36561"},"modified":"2025-06-11T22:36:08","modified_gmt":"2025-06-11T22:36:08","slug":"fatih-tekke-birlikte-basaracagiz","status":"publish","type":"post","link":"https:\/\/haberbesiktas.tr\/?p=36561","title":{"rendered":"Fatih Tekke: &#8220;Birlikte ba\u015faraca\u011f\u0131z&#8221;"},"content":{"rendered":"<div>Bu d\u00f6nem beklentilerin \u00e7ok alt\u0131nda kalan ve ge\u00e7ti\u011fimiz haftalarda \u015eenol G\u00fcne\u015f ile yollar\u0131 ay\u0131rd\u0131ktan sonra teknik y\u00f6netici Fatih Tekke ile anla\u015fan Trabzonspor yeni hocas\u0131yla alan\u0131ndaki birinci ma\u00e7\u0131nda galibiyet elde edemedi. <\/p>\n<p>Tekke, kadronun ba\u015f\u0131nda \u00e7\u0131kt\u0131\u011f\u0131 birinci i\u00e7 saha ma\u00e7\u0131nda taraftarlar\u0131n birtak\u0131m oyunculara y\u00f6nelik reaksiyonlar g\u00f6stermesi nedeniyle, b\u00fcy\u00fck \u015fa\u015fk\u0131nl\u0131k ya\u015fad\u0131. Hem ma\u00e7\u0131n akabinde yay\u0131nc\u0131 kurulu\u015fa hem de bas\u0131n toplant\u0131s\u0131nda yapt\u0131\u011f\u0131 a\u00e7\u0131klamalarla bu duruma mana veremedi\u011fini vurgulayan 47 ya\u015f\u0131ndaki \u00e7al\u0131\u015ft\u0131r\u0131c\u0131, ma\u00e7 sonras\u0131 oyuncular\u0131na ise sahip \u00e7\u0131kt\u0131.<\/p>\n<p> <strong>&#8216;SAKIN MORAL\u0130N\u0130Z\u0130 BOZMAYIN&#8217;<\/strong><\/p>\n<p> Trabzonlu teknik adam\u0131n ma\u00e7\u0131n akabinde soyunma odas\u0131nda morali bozuk olan oyuncular\u0131na yapt\u0131\u011f\u0131 konu\u015fmada, <strong>&#8220;Bence bug\u00fcn neler yapabilece\u011fimizi g\u00f6sterdi\u011fimiz \u00e7ok say\u0131da an var. Daha uygunu i\u00e7in daha da \u00e7ok \u00e7al\u0131\u015faca\u011f\u0131z. Birlikte ba\u015faraca\u011f\u0131z. Ben yapmak istediklerinizden ve verdi\u011finiz olumlu sinyallerden memnunum. Moralinizi bozmay\u0131n&#8221;<\/strong> dedi. Tekke&#8217;nin yard\u0131mc\u0131lar\u0131yla birlikte yapaca\u011f\u0131 de\u011ferlendirmelerde de oyuncular\u0131 bilhassa zihinsel olarak haz\u0131rlama, \u00f6z inan\u00e7 kazand\u0131rma noktas\u0131nda \u00e7al\u0131\u015fmalara tart\u0131 verece\u011fi \u00f6\u011frenildi.\u00a0<\/p>\n<\/div>\n","protected":false},"excerpt":{"rendered":"<p>Alan\u0131nda G\u00f6ztepe ile 1-1 berabere kalan Trabzonspor&#8217;da, yeni Teknik Y\u00f6netici Fatih Tekke, ma\u00e7\u0131n akabinde soyunma odas\u0131nda oyuncular\u0131 ile bir g\u00f6r\u00fc\u015fme yapt\u0131.<\/p>\n","protected":false},"author":1,"featured_media":36562,"comment_status":"open","ping_status":"open","sticky":false,"template":"","format":"standard","meta":{"footnotes":""},"categories":[25],"tags":[50],"class_list":["post-36561","post","type-post","status-publish","format-standard","has-post-thumbnail","hentry","category-futbol","tag-mac"],"_links":{"self":[{"href":"https:\/\/haberbesiktas.tr\/index.php?rest_route=\/wp\/v2\/posts\/36561","targetHints":{"allow":["GET"]}}],"collection":[{"href":"https:\/\/haberbesiktas.tr\/index.php?rest_route=\/wp\/v2\/posts"}],"about":[{"href":"https:\/\/haberbesiktas.tr\/index.php?rest_route=\/wp\/v2\/types\/post"}],"author":[{"embeddable":true,"href":"https:\/\/haberbesiktas.tr\/index.php?rest_route=\/wp\/v2\/users\/1"}],"replies":[{"embeddable":true,"href":"https:\/\/haberbesiktas.tr\/index.php?rest_route=%2Fwp%2Fv2%2Fcomments&post=36561"}],"version-history":[{"count":1,"href":"https:\/\/haberbesiktas.tr\/index.php?rest_route=\/wp\/v2\/posts\/36561\/revisions"}],"predecessor-version":[{"id":36563,"href":"https:\/\/haberbesiktas.tr\/index.php?rest_route=\/wp\/v2\/posts\/36561\/revisions\/36563"}],"wp:featuredmedia":[{"embeddable":true,"href":"https:\/\/haberbesiktas.tr\/index.php?rest_route=\/wp\/v2\/media\/36562"}],"wp:attachment":[{"href":"https:\/\/haberbesiktas.tr\/index.php?rest_route=%2Fwp%2Fv2%2Fmedia&parent=36561"}],"wp:term":[{"taxonomy":"category","embeddable":true,"href":"https:\/\/haberbesiktas.tr\/index.php?rest_route=%2Fwp%2Fv2%2Fcategories&post=36561"},{"taxonomy":"post_tag","embeddable":true,"href":"https:\/\/haberbesiktas.tr\/index.php?rest_route=%2Fwp%2Fv2%2Ftags&post=36561"}],"curies":[{"name":"wp","href":"https:\/\/api.w.org\/{rel}","templated":true}]}}