{"id":36564,"date":"2025-06-11T22:48:10","date_gmt":"2025-06-11T22:48:10","guid":{"rendered":"https:\/\/haberbesiktas.tr\/?p=36564"},"modified":"2025-06-11T22:48:10","modified_gmt":"2025-06-11T22:48:10","slug":"galatasarayda-ne-alaka-gundemi","status":"publish","type":"post","link":"https:\/\/haberbesiktas.tr\/?p=36564","title":{"rendered":"Galatasaray&#8217;da &#8220;Ne alaka?&#8221; g\u00fcndemi"},"content":{"rendered":"<div>S\u00fcper Lig&#8217;in 29. haftas\u0131nda Be\u015fikta\u015f&#8217;a 2-1 ma\u011flup olan Galatasaray&#8217;da hezimetin yank\u0131lar\u0131 s\u00fcr\u00fcyor.<\/p>\n<p> Derbinin son dakikalarda oyundan al\u0131nmas\u0131na reaksiyon g\u00f6steren Abd\u00fclkerim kenara gelirkenki s\u00f6ylenmelerine kul\u00fcbede de devam etti. Yedek kul\u00fcbesine oturduktan sonra \u015fa\u015fk\u0131nl\u0131\u011f\u0131n\u0131 gizleyemeyen deneyimli savunmac\u0131 &#8220;Ne alaka?&#8221; tabirleriyle de\u011fi\u015fiklikten duydu\u011fu rahats\u0131zl\u0131\u011f\u0131 lisana getirdi.<\/p>\n<p> Bu anlar, toplumsal medyada s\u00fcratle yay\u0131larak taraftarlar ortas\u0131nda b\u00fcy\u00fck yank\u0131 uyand\u0131rd\u0131; husus sar\u0131-k\u0131rm\u0131z\u0131l\u0131 kul\u00fcb\u00fcn kula\u011f\u0131na da gitti.<\/p>\n<p> Abd\u00fclkerim Bardakc\u0131&#8217;n\u0131n al\u0131nma karar\u0131na neden bu kadar sert reaksiyon verdi\u011fi ise merak konusu oldu.<\/p>\n<p> <strong>TEPK\u0130LER\u0130 SOYUNMA ODASINDA DA S\u00dcRD\u00dc<\/strong><\/p>\n<p> Reaksiyonuna soyunma odas\u0131nda da devam eden Abd\u00fclkerim Bardakc\u0131 ile Okan Buruk&#8217;un g\u00f6r\u00fc\u015ft\u00fc\u011f\u00fc belirtildi.<\/p>\n<p> <strong>Y\u00d6NET\u0130M BU OLAYDAN RAHATSIZ<\/strong><\/p>\n<p> Y\u00f6neticilerden kimileri bu olay\u0131n Okan Buruk&#8217;un otoritesini zedeleyebilece\u011fi tasas\u0131n\u0131 ta\u015f\u0131yor. Sar\u0131-k\u0131rm\u0131z\u0131l\u0131 kul\u00fcb\u00fcn idaresinde Abd\u00fclkerim Bardakc\u0131&#8217;n\u0131n uyar\u0131lmas\u0131 gerekti\u011fi fikri konu\u015fuluyor.<\/p>\n<p> Y\u00f6neticilerin bir k\u0131sm\u0131 ise ma\u00e7 sonu adrenaliniyle bu t\u00fcrl\u00fc reaksiyonlar\u0131n verilebilece\u011fi fikrinde.\u00a0<\/p>\n<\/div>\n","protected":false},"excerpt":{"rendered":"<p>Galatasaray&#8217;da Be\u015fikta\u015f derbisinin yank\u0131lar\u0131 s\u00fcr\u00fcyor&#8230; Yenilmezlik serisini Dolmabah\u00e7e&#8217;de b\u0131rakan Cimbom&#8217;da Abd\u00fclkerim Bardakc\u0131&#8217;n\u0131n de\u011fi\u015fiklik yans\u0131s\u0131 de g\u00fcndeme oturdu.<\/p>\n","protected":false},"author":1,"featured_media":36565,"comment_status":"open","ping_status":"open","sticky":false,"template":"","format":"standard","meta":{"footnotes":""},"categories":[25],"tags":[1998],"class_list":["post-36564","post","type-post","status-publish","format-standard","has-post-thumbnail","hentry","category-futbol","tag-tepki"],"_links":{"self":[{"href":"https:\/\/haberbesiktas.tr\/index.php?rest_route=\/wp\/v2\/posts\/36564","targetHints":{"allow":["GET"]}}],"collection":[{"href":"https:\/\/haberbesiktas.tr\/index.php?rest_route=\/wp\/v2\/posts"}],"about":[{"href":"https:\/\/haberbesiktas.tr\/index.php?rest_route=\/wp\/v2\/types\/post"}],"author":[{"embeddable":true,"href":"https:\/\/haberbesiktas.tr\/index.php?rest_route=\/wp\/v2\/users\/1"}],"replies":[{"embeddable":true,"href":"https:\/\/haberbesiktas.tr\/index.php?rest_route=%2Fwp%2Fv2%2Fcomments&post=36564"}],"version-history":[{"count":1,"href":"https:\/\/haberbesiktas.tr\/index.php?rest_route=\/wp\/v2\/posts\/36564\/revisions"}],"predecessor-version":[{"id":36566,"href":"https:\/\/haberbesiktas.tr\/index.php?rest_route=\/wp\/v2\/posts\/36564\/revisions\/36566"}],"wp:featuredmedia":[{"embeddable":true,"href":"https:\/\/haberbesiktas.tr\/index.php?rest_route=\/wp\/v2\/media\/36565"}],"wp:attachment":[{"href":"https:\/\/haberbesiktas.tr\/index.php?rest_route=%2Fwp%2Fv2%2Fmedia&parent=36564"}],"wp:term":[{"taxonomy":"category","embeddable":true,"href":"https:\/\/haberbesiktas.tr\/index.php?rest_route=%2Fwp%2Fv2%2Fcategories&post=36564"},{"taxonomy":"post_tag","embeddable":true,"href":"https:\/\/haberbesiktas.tr\/index.php?rest_route=%2Fwp%2Fv2%2Ftags&post=36564"}],"curies":[{"name":"wp","href":"https:\/\/api.w.org\/{rel}","templated":true}]}}