{"id":36570,"date":"2025-06-11T23:12:08","date_gmt":"2025-06-11T23:12:08","guid":{"rendered":"https:\/\/haberbesiktas.tr\/?p=36570"},"modified":"2025-06-11T23:12:08","modified_gmt":"2025-06-11T23:12:08","slug":"fenerbahce-yonetiminden-prim-sozu","status":"publish","type":"post","link":"https:\/\/haberbesiktas.tr\/?p=36570","title":{"rendered":"Fenerbah\u00e7e y\u00f6netiminden prim s\u00f6z\u00fc!"},"content":{"rendered":"<div>\n<p>Fenerbah\u00e7e idaresi, kalan ma\u00e7lar\u0131n kazan\u0131lmas\u0131 halinde futbolculara bir kelam verdi.<\/p>\n<p> Galatasaray&#8217;\u0131n puan kayb\u0131 sonras\u0131nda \u015fampiyonluk yolunda umutlanan sar\u0131-lacivertlilerde idare kalan ma\u00e7lar i\u00e7in ekstra prim belirledi.<\/p>\n<p> <strong>Y\u00d6NET\u0130M KELAM VERD\u0130<\/strong><\/p>\n<p> T\u00fcm ma\u00e7lar\u0131n kazan\u0131lmas\u0131 halinde \u015fampiyonlu\u011fun gelece\u011fine inanan idare, oyunculara puan kayb\u0131 ya\u015fanmamas\u0131 halinde gerekenin ziyadesiyle yap\u0131laca\u011f\u0131n\u0131n kelam\u0131n\u0131 verdi.\u00a0<\/p>\n<div>\u00a0<\/div>\n<\/div>\n","protected":false},"excerpt":{"rendered":"<p>Galatasaray&#8217;\u0131n puan kayb\u0131 sonras\u0131nda \u015fampiyonluk yolunda umutlanan Fenerbah\u00e7e idaresi, kalan ma\u00e7lar i\u00e7in ekstra prim belirledi.<\/p>\n","protected":false},"author":1,"featured_media":36571,"comment_status":"open","ping_status":"open","sticky":false,"template":"","format":"standard","meta":{"footnotes":""},"categories":[25],"tags":[],"class_list":["post-36570","post","type-post","status-publish","format-standard","has-post-thumbnail","hentry","category-futbol"],"_links":{"self":[{"href":"https:\/\/haberbesiktas.tr\/index.php?rest_route=\/wp\/v2\/posts\/36570","targetHints":{"allow":["GET"]}}],"collection":[{"href":"https:\/\/haberbesiktas.tr\/index.php?rest_route=\/wp\/v2\/posts"}],"about":[{"href":"https:\/\/haberbesiktas.tr\/index.php?rest_route=\/wp\/v2\/types\/post"}],"author":[{"embeddable":true,"href":"https:\/\/haberbesiktas.tr\/index.php?rest_route=\/wp\/v2\/users\/1"}],"replies":[{"embeddable":true,"href":"https:\/\/haberbesiktas.tr\/index.php?rest_route=%2Fwp%2Fv2%2Fcomments&post=36570"}],"version-history":[{"count":1,"href":"https:\/\/haberbesiktas.tr\/index.php?rest_route=\/wp\/v2\/posts\/36570\/revisions"}],"predecessor-version":[{"id":36572,"href":"https:\/\/haberbesiktas.tr\/index.php?rest_route=\/wp\/v2\/posts\/36570\/revisions\/36572"}],"wp:featuredmedia":[{"embeddable":true,"href":"https:\/\/haberbesiktas.tr\/index.php?rest_route=\/wp\/v2\/media\/36571"}],"wp:attachment":[{"href":"https:\/\/haberbesiktas.tr\/index.php?rest_route=%2Fwp%2Fv2%2Fmedia&parent=36570"}],"wp:term":[{"taxonomy":"category","embeddable":true,"href":"https:\/\/haberbesiktas.tr\/index.php?rest_route=%2Fwp%2Fv2%2Fcategories&post=36570"},{"taxonomy":"post_tag","embeddable":true,"href":"https:\/\/haberbesiktas.tr\/index.php?rest_route=%2Fwp%2Fv2%2Ftags&post=36570"}],"curies":[{"name":"wp","href":"https:\/\/api.w.org\/{rel}","templated":true}]}}