{"id":36573,"date":"2025-06-11T23:24:10","date_gmt":"2025-06-11T23:24:10","guid":{"rendered":"https:\/\/haberbesiktas.tr\/?p=36573"},"modified":"2025-06-11T23:24:10","modified_gmt":"2025-06-11T23:24:10","slug":"immobilenin-ayriligi-yakin-derbideki-nester-iddialari-guclendirdi","status":"publish","type":"post","link":"https:\/\/haberbesiktas.tr\/?p=36573","title":{"rendered":"Immobile&#8217;nin ayr\u0131l\u0131\u011f\u0131 yak\u0131n: Derbideki ne\u015fter, iddialar\u0131 g\u00fc\u00e7lendirdi!"},"content":{"rendered":"<div>Be\u015fikta\u015f Teknik Y\u00f6neticisi Ole Gunnar Solskjaer&#8217;in, siyah beyazl\u0131 kadrosu Galatasaray derbisinde 4-6-0 dizili\u015fiyle alana s\u00fcrmesi Ciro Immobile&#8217;nin de yedek kalmas\u0131na yol a\u00e7t\u0131.\u00a0<\/p>\n<p>Norve\u00e7li teknik adam, grubun \u00f6teki forvetleri Semih K\u0131l\u0131\u00e7soy ve Mustafa Erhan Hekimo\u011flu&#8217;na ikinci yar\u0131da talihi verirken, Immobile&#8217;nin yedek kul\u00fcbesinden \u00e7\u0131kamamas\u0131 dikkat \u00e7ekti.<\/p>\n<p>Ciro \u0130mmobile&#8217;nin Haziran 2026&#8217;ya kadar mukavelesi olmas\u0131na kar\u015f\u0131n d\u00f6nem sonunda Be\u015fikta\u015f&#8217;tan ayr\u0131lma ihtimali epeyce y\u00fcksek.<\/p>\n<p><strong>TAL\u0130PLER\u0130 VAR<\/strong><\/p>\n<p>Son iki ayd\u0131r beklentilerin \u00e7ok uza\u011f\u0131nda kalan deneyimli forvetle \u0130talya, Suudi Arabistan ve Katar liglerinden kadrolar\u0131n ilgilendi\u011fi \u00f6\u011frenildi.<br \/>35 ya\u015f\u0131ndaki futbolcunun \u00fclkesini tercih etmesi ve Serie A&#8217;ya d\u00f6nmesi bekleniyor.\u00a0Be\u015fikta\u015f, \u0130mmobile&#8217;nin ayr\u0131l\u0131\u011f\u0131 ile 6 milyon Euro&#8217;luk maa\u015f y\u00fck\u00fcnden kurtulmu\u015f olacak.<\/p>\n<p><strong>BU D\u00d6NEM NE YAPTI?<\/strong><\/p>\n<p>Be\u015fikta\u015f formas\u0131n\u0131 bu d\u00f6nem 33 defa giyen y\u0131ld\u0131z santrfor, 15 gol, 3 asistlik performans sergiledi.\u00a0<\/p><\/div>\n","protected":false},"excerpt":{"rendered":"<p>Be\u015fikta\u015f Teknik Y\u00f6neticisi Solskjaer&#8217;in, Galatasaray&#8217;\u0131 2-1 yendikleri ma\u00e7ta kadrosunu oynatt\u0131\u011f\u0131 taktik dizili\u015f, Ciro Immobile&#8217;nin ayr\u0131l\u0131k ihtimalini art\u0131rd\u0131.<\/p>\n","protected":false},"author":1,"featured_media":36574,"comment_status":"open","ping_status":"open","sticky":false,"template":"","format":"standard","meta":{"footnotes":""},"categories":[25],"tags":[],"class_list":["post-36573","post","type-post","status-publish","format-standard","has-post-thumbnail","hentry","category-futbol"],"_links":{"self":[{"href":"https:\/\/haberbesiktas.tr\/index.php?rest_route=\/wp\/v2\/posts\/36573","targetHints":{"allow":["GET"]}}],"collection":[{"href":"https:\/\/haberbesiktas.tr\/index.php?rest_route=\/wp\/v2\/posts"}],"about":[{"href":"https:\/\/haberbesiktas.tr\/index.php?rest_route=\/wp\/v2\/types\/post"}],"author":[{"embeddable":true,"href":"https:\/\/haberbesiktas.tr\/index.php?rest_route=\/wp\/v2\/users\/1"}],"replies":[{"embeddable":true,"href":"https:\/\/haberbesiktas.tr\/index.php?rest_route=%2Fwp%2Fv2%2Fcomments&post=36573"}],"version-history":[{"count":1,"href":"https:\/\/haberbesiktas.tr\/index.php?rest_route=\/wp\/v2\/posts\/36573\/revisions"}],"predecessor-version":[{"id":36575,"href":"https:\/\/haberbesiktas.tr\/index.php?rest_route=\/wp\/v2\/posts\/36573\/revisions\/36575"}],"wp:featuredmedia":[{"embeddable":true,"href":"https:\/\/haberbesiktas.tr\/index.php?rest_route=\/wp\/v2\/media\/36574"}],"wp:attachment":[{"href":"https:\/\/haberbesiktas.tr\/index.php?rest_route=%2Fwp%2Fv2%2Fmedia&parent=36573"}],"wp:term":[{"taxonomy":"category","embeddable":true,"href":"https:\/\/haberbesiktas.tr\/index.php?rest_route=%2Fwp%2Fv2%2Fcategories&post=36573"},{"taxonomy":"post_tag","embeddable":true,"href":"https:\/\/haberbesiktas.tr\/index.php?rest_route=%2Fwp%2Fv2%2Ftags&post=36573"}],"curies":[{"name":"wp","href":"https:\/\/api.w.org\/{rel}","templated":true}]}}