{"id":36576,"date":"2025-06-11T23:36:08","date_gmt":"2025-06-11T23:36:08","guid":{"rendered":"https:\/\/haberbesiktas.tr\/?p=36576"},"modified":"2025-06-11T23:36:08","modified_gmt":"2025-06-11T23:36:08","slug":"serdal-adalidan-derbi-icin-ozel-prim","status":"publish","type":"post","link":"https:\/\/haberbesiktas.tr\/?p=36576","title":{"rendered":"Serdal Adal\u0131&#8217;dan derbi i\u00e7in \u00f6zel prim!"},"content":{"rendered":"<div>Be\u015fikta\u015f&#8217;ta lider Serdal Adal\u0131, Galatasaray derbisinde alandan 2-1&#8217;lik galibiyetle ayrulan teknik heyet ve futbolcular i\u00e7in kesenin a\u011fz\u0131n\u0131 a\u00e7\u0131yor.<\/p>\n<p> Derbi \u00f6ncesi \u00dcmraniye&#8217;de yapt\u0131\u011f\u0131 ziyaretlerle ekibin motivasyon kayna\u011f\u0131 olan Adal\u0131, prim kelam\u0131n\u0131 yerine getirecek. Siyah beyazl\u0131lar\u0131n i\u015fvereni, toplamda 30 milyon TL para m\u00fckafat\u0131 da\u011f\u0131tacak.<\/p>\n<p> <strong>SEZON BA\u015eINDA DA DA\u011eITMI\u015eTI<\/strong><\/p>\n<p>Kul\u00fcb\u00fcn en g\u00fc\u00e7 g\u00fcnlerinde her vakit maddi manada takviye veren Adal\u0131, \u00dcst\u00fcn Kupa finalindeki 5-0&#8217;l\u0131k zaferde rastgele bir vazifede olmamas\u0131na kar\u015f\u0131n galibiyet primine katk\u0131da bulunmu\u015ftu.\u00a0<\/p>\n<\/div>\n","protected":false},"excerpt":{"rendered":"<p>Serdal Adal\u0131, kul\u00fcpteki maddi badirelere kar\u015f\u0131n Galatasaray ma\u00e7\u0131 \u00f6ncesi verdi\u011fi kelam\u0131 tuttu. Be\u015fikta\u015fl\u0131 futbolcular, Galatasaray&#8217;\u0131 yenmenin kar\u015f\u0131l\u0131\u011f\u0131nda toplam 30 milyon TL primin sahibi oldu.<\/p>\n","protected":false},"author":1,"featured_media":36577,"comment_status":"open","ping_status":"open","sticky":false,"template":"","format":"standard","meta":{"footnotes":""},"categories":[25],"tags":[],"class_list":["post-36576","post","type-post","status-publish","format-standard","has-post-thumbnail","hentry","category-futbol"],"_links":{"self":[{"href":"https:\/\/haberbesiktas.tr\/index.php?rest_route=\/wp\/v2\/posts\/36576","targetHints":{"allow":["GET"]}}],"collection":[{"href":"https:\/\/haberbesiktas.tr\/index.php?rest_route=\/wp\/v2\/posts"}],"about":[{"href":"https:\/\/haberbesiktas.tr\/index.php?rest_route=\/wp\/v2\/types\/post"}],"author":[{"embeddable":true,"href":"https:\/\/haberbesiktas.tr\/index.php?rest_route=\/wp\/v2\/users\/1"}],"replies":[{"embeddable":true,"href":"https:\/\/haberbesiktas.tr\/index.php?rest_route=%2Fwp%2Fv2%2Fcomments&post=36576"}],"version-history":[{"count":1,"href":"https:\/\/haberbesiktas.tr\/index.php?rest_route=\/wp\/v2\/posts\/36576\/revisions"}],"predecessor-version":[{"id":36578,"href":"https:\/\/haberbesiktas.tr\/index.php?rest_route=\/wp\/v2\/posts\/36576\/revisions\/36578"}],"wp:featuredmedia":[{"embeddable":true,"href":"https:\/\/haberbesiktas.tr\/index.php?rest_route=\/wp\/v2\/media\/36577"}],"wp:attachment":[{"href":"https:\/\/haberbesiktas.tr\/index.php?rest_route=%2Fwp%2Fv2%2Fmedia&parent=36576"}],"wp:term":[{"taxonomy":"category","embeddable":true,"href":"https:\/\/haberbesiktas.tr\/index.php?rest_route=%2Fwp%2Fv2%2Fcategories&post=36576"},{"taxonomy":"post_tag","embeddable":true,"href":"https:\/\/haberbesiktas.tr\/index.php?rest_route=%2Fwp%2Fv2%2Ftags&post=36576"}],"curies":[{"name":"wp","href":"https:\/\/api.w.org\/{rel}","templated":true}]}}