{"id":3665,"date":"2025-01-14T23:42:43","date_gmt":"2025-01-14T23:42:43","guid":{"rendered":"https:\/\/haberbesiktas.tr\/?p=3665"},"modified":"2025-01-14T23:42:43","modified_gmt":"2025-01-14T23:42:43","slug":"rayo-vallecano-sahasinda-hata-yapmadi","status":"publish","type":"post","link":"https:\/\/haberbesiktas.tr\/?p=3665","title":{"rendered":"Rayo Vallecano, sahas\u0131nda hata yapmad\u0131"},"content":{"rendered":"<div>\u0130spanya La Liga&#8217;n\u0131n 19. hafta m\u00fcsabakas\u0131nda Rayo Vallecano, Celta Vigo&#8217;yu konuk etti.<\/p>\n<p>Vallecas Stadyumu&#8217;ndaki \u00e7abay\u0131 mesken sahibi tak\u0131m 2-1 kazand\u0131.<\/p>\n<p>Rayo Vallecano&#8217;ya galibiyeti getiren golleri 5&#8217;te <strong>Adrian Embarba<\/strong> ile 63. dakikada <strong>Jorge de Frutos<\/strong> kaydetti. Celta Vigo&#8217;nun tek gol\u00fcn\u00fc ise 26&#8217;da <strong>Borja Iglesias<\/strong> att\u0131.<\/p>\n<p>Celta Vigo formas\u0131 giyen<strong> Marcos Alonso<\/strong>, 37. ve 90. dakikalarda g\u00f6rd\u00fc\u011f\u00fc sar\u0131 kartlar sonucunda k\u0131rm\u0131z\u0131 kartla oyun d\u0131\u015f\u0131 kald\u0131.<\/p>\n<p>Rayo Vallecano bu galibiyetin akabinde puan\u0131n\u0131 25&#8217;e y\u00fckseltti. Celta Vigo, 24 puanda kald\u0131.<\/p>\n<p>\u0130spanya La Liga&#8217;n\u0131n bir sonraki haftas\u0131nda Rayo Vallecano, Osasuna deplasman\u0131na gidecek. Celta Vigo, Athletic Bilbao&#8217;yu konuk edecek.<\/p><\/div>\n","protected":false},"excerpt":{"rendered":"<p>\u0130spanya La Liga&#8217;n\u0131n 19. hafta ma\u00e7\u0131nda Rayo Vallecano, alan\u0131nda Celta Vigo&#8217;yu 2-1 ma\u011flup etti.<\/p>\n","protected":false},"author":1,"featured_media":3666,"comment_status":"open","ping_status":"open","sticky":false,"template":"","format":"standard","meta":{"footnotes":""},"categories":[25],"tags":[499],"class_list":["post-3665","post","type-post","status-publish","format-standard","has-post-thumbnail","hentry","category-futbol","tag-celta-vigo"],"_links":{"self":[{"href":"https:\/\/haberbesiktas.tr\/index.php?rest_route=\/wp\/v2\/posts\/3665","targetHints":{"allow":["GET"]}}],"collection":[{"href":"https:\/\/haberbesiktas.tr\/index.php?rest_route=\/wp\/v2\/posts"}],"about":[{"href":"https:\/\/haberbesiktas.tr\/index.php?rest_route=\/wp\/v2\/types\/post"}],"author":[{"embeddable":true,"href":"https:\/\/haberbesiktas.tr\/index.php?rest_route=\/wp\/v2\/users\/1"}],"replies":[{"embeddable":true,"href":"https:\/\/haberbesiktas.tr\/index.php?rest_route=%2Fwp%2Fv2%2Fcomments&post=3665"}],"version-history":[{"count":1,"href":"https:\/\/haberbesiktas.tr\/index.php?rest_route=\/wp\/v2\/posts\/3665\/revisions"}],"predecessor-version":[{"id":3667,"href":"https:\/\/haberbesiktas.tr\/index.php?rest_route=\/wp\/v2\/posts\/3665\/revisions\/3667"}],"wp:featuredmedia":[{"embeddable":true,"href":"https:\/\/haberbesiktas.tr\/index.php?rest_route=\/wp\/v2\/media\/3666"}],"wp:attachment":[{"href":"https:\/\/haberbesiktas.tr\/index.php?rest_route=%2Fwp%2Fv2%2Fmedia&parent=3665"}],"wp:term":[{"taxonomy":"category","embeddable":true,"href":"https:\/\/haberbesiktas.tr\/index.php?rest_route=%2Fwp%2Fv2%2Fcategories&post=3665"},{"taxonomy":"post_tag","embeddable":true,"href":"https:\/\/haberbesiktas.tr\/index.php?rest_route=%2Fwp%2Fv2%2Ftags&post=3665"}],"curies":[{"name":"wp","href":"https:\/\/api.w.org\/{rel}","templated":true}]}}