{"id":36741,"date":"2025-06-12T10:48:14","date_gmt":"2025-06-12T10:48:14","guid":{"rendered":"https:\/\/haberbesiktas.tr\/?p=36741"},"modified":"2025-06-12T10:48:14","modified_gmt":"2025-06-12T10:48:14","slug":"samsunsporda-bayramlasma-toreni-duzenlendi","status":"publish","type":"post","link":"https:\/\/haberbesiktas.tr\/?p=36741","title":{"rendered":"Samsunspor&#8217;da bayramla\u015fma t\u00f6reni d\u00fczenlendi"},"content":{"rendered":"<div>\n<p>Trendyol S\u00fcper Lig tak\u0131mlar\u0131ndan Reeder Samsunspor&#8217;da Ramazan Bayram\u0131 hasebiyle bayramla\u015fma program\u0131 d\u00fczenlendi.\u00a0<\/p>\n<p> Nuri Asan Tesisleri&#8217;nde d\u00fczenlenen programda Samsunsporlu y\u00f6neticiler, taraftarlarla bayramla\u015ft\u0131.<\/p>\n<p> Kul\u00fcp lider vekili Veysel Bilen, burada yapt\u0131\u011f\u0131 a\u00e7\u0131klamada, kl\u00e2sik hale gelen bayramla\u015fma program\u0131nda taraftarlarla bir ortaya geldiklerini s\u00f6yledi.<\/p>\n<p> Samsunspor olarak yar\u0131nlara daha umutlu bakmak ismine ho\u015f bir birliktelik sa\u011fland\u0131\u011f\u0131n\u0131 belirten Bilen, \u015f\u00f6yle konu\u015ftu:<\/p>\n<p> <strong>&#8220;Yo\u011fun i\u015f temposu nedeniyle burada olamayan liderimiz Y\u00fcksel Y\u0131ld\u0131r\u0131m da toplulu\u011fumuzun bayram\u0131n\u0131 kutlayarak iyilik, memnunluk ve s\u0131hhat diledi. Samsunspor toplulu\u011fu olarak sa\u011fl\u0131kl\u0131, keyifli, huzurlu halde T\u00fcrk milletinin ve \u0130slam aleminin bayram\u0131n\u0131 kutluyorum. Samsunspor bu sene taraftarlar\u0131m\u0131zdan ald\u0131\u011f\u0131 g\u00fc\u00e7le, liderimizin maddi ve manevi dayanaklar\u0131 ile Avrupa yolunda muvaffakiyet ile gayretine devam etmektedir. \u0130nan\u0131yoruz ki \u00f6n\u00fcm\u00fczdeki her g\u00fcn\u00fc \u00e7ok g\u00fczel k\u0131ymetlendirerek, y\u0131l sonunda Avrupa kupalar\u0131na kat\u0131lma maksad\u0131m\u0131z\u0131 in\u015fallah ger\u00e7ekle\u015ftirmi\u015f olaca\u011f\u0131z. Bu mevzuda bug\u00fcne kadar bize verdi\u011finiz takviyeler i\u00e7in hepinize te\u015fekk\u00fcr ediyorum.&#8221;<\/strong><\/p>\n<p> Programa \u0130Y\u0130 Parti Samsun Milletvekili Erhan Usta, CHP Samsun Milletvekili Murat \u00c7an, Garnizon Kumandan\u0131 T\u00fcmgeneral Davut Ala, Samsunspor \u0130cra Kurulu \u00fcyeleri Suat \u00c7ak\u0131r ve Soner Soykan ile Samsunsporlu taraftarlar kat\u0131ld\u0131.<\/p>\n<\/div>\n","protected":false},"excerpt":{"rendered":"<p>Reeder Samsunspor, Ramazan Bayram\u0131 m\u00fcnasebetiyle Nuri Asan Tesisleri&#8217;nde bayramla\u015fma program\u0131 d\u00fczenledi. Kul\u00fcp y\u00f6neticileri ve taraftarlar\u0131n bir ortaya geldi\u011fi aktiflikte, Lider Vekili Veysel Bilen, Samsunspor&#8217;un Avrupa kupalar\u0131na kat\u0131lma amac\u0131 do\u011frultusunda kararl\u0131l\u0131kla ilerledi\u011fini vurgulad\u0131.<\/p>\n","protected":false},"author":1,"featured_media":36742,"comment_status":"open","ping_status":"open","sticky":false,"template":"","format":"standard","meta":{"footnotes":""},"categories":[25],"tags":[525],"class_list":["post-36741","post","type-post","status-publish","format-standard","has-post-thumbnail","hentry","category-futbol","tag-samsunspor"],"_links":{"self":[{"href":"https:\/\/haberbesiktas.tr\/index.php?rest_route=\/wp\/v2\/posts\/36741","targetHints":{"allow":["GET"]}}],"collection":[{"href":"https:\/\/haberbesiktas.tr\/index.php?rest_route=\/wp\/v2\/posts"}],"about":[{"href":"https:\/\/haberbesiktas.tr\/index.php?rest_route=\/wp\/v2\/types\/post"}],"author":[{"embeddable":true,"href":"https:\/\/haberbesiktas.tr\/index.php?rest_route=\/wp\/v2\/users\/1"}],"replies":[{"embeddable":true,"href":"https:\/\/haberbesiktas.tr\/index.php?rest_route=%2Fwp%2Fv2%2Fcomments&post=36741"}],"version-history":[{"count":1,"href":"https:\/\/haberbesiktas.tr\/index.php?rest_route=\/wp\/v2\/posts\/36741\/revisions"}],"predecessor-version":[{"id":36743,"href":"https:\/\/haberbesiktas.tr\/index.php?rest_route=\/wp\/v2\/posts\/36741\/revisions\/36743"}],"wp:featuredmedia":[{"embeddable":true,"href":"https:\/\/haberbesiktas.tr\/index.php?rest_route=\/wp\/v2\/media\/36742"}],"wp:attachment":[{"href":"https:\/\/haberbesiktas.tr\/index.php?rest_route=%2Fwp%2Fv2%2Fmedia&parent=36741"}],"wp:term":[{"taxonomy":"category","embeddable":true,"href":"https:\/\/haberbesiktas.tr\/index.php?rest_route=%2Fwp%2Fv2%2Fcategories&post=36741"},{"taxonomy":"post_tag","embeddable":true,"href":"https:\/\/haberbesiktas.tr\/index.php?rest_route=%2Fwp%2Fv2%2Ftags&post=36741"}],"curies":[{"name":"wp","href":"https:\/\/api.w.org\/{rel}","templated":true}]}}