{"id":3682,"date":"2025-01-15T00:42:43","date_gmt":"2025-01-15T00:42:43","guid":{"rendered":"https:\/\/haberbesiktas.tr\/?p=3682"},"modified":"2025-01-15T00:42:43","modified_gmt":"2025-01-15T00:42:43","slug":"mac-ozeti-olympiakos-112-69-bayern-munih","status":"publish","type":"post","link":"https:\/\/haberbesiktas.tr\/?p=3682","title":{"rendered":"MA\u00c7 \u00d6ZET\u0130: Olympiakos 112-69 Bayern M\u00fcnih"},"content":{"rendered":"<div>THY EuroLeague&#8217;de Olympiakos, alan\u0131nda Bayern M\u00fcnih ile kar\u015f\u0131 kar\u015f\u0131ya geldi.<\/p>\n<p> Olympiakos, Sasha Vezenkov&#8217;un 45 say\u0131 att\u0131\u011f\u0131 ma\u00e7ta Bayern M\u00fcnih&#8217;i 112-69 ma\u011flup etti.<\/p>\n<p> <strong>\u0130\u015eTE MA\u00c7 \u00d6ZET\u0130:<\/p>\n<p><\/strong><\/p><\/div>\n","protected":false},"excerpt":{"rendered":"<p>THY EuroLeague&#8217;de Olympiakos, alan\u0131nda Bayern M\u00fcnih&#8217;i 112-69 ma\u011flup etti.<\/p>\n","protected":false},"author":1,"featured_media":3683,"comment_status":"open","ping_status":"open","sticky":false,"template":"","format":"standard","meta":{"footnotes":""},"categories":[10],"tags":[],"class_list":["post-3682","post","type-post","status-publish","format-standard","has-post-thumbnail","hentry","category-basketbol"],"_links":{"self":[{"href":"https:\/\/haberbesiktas.tr\/index.php?rest_route=\/wp\/v2\/posts\/3682","targetHints":{"allow":["GET"]}}],"collection":[{"href":"https:\/\/haberbesiktas.tr\/index.php?rest_route=\/wp\/v2\/posts"}],"about":[{"href":"https:\/\/haberbesiktas.tr\/index.php?rest_route=\/wp\/v2\/types\/post"}],"author":[{"embeddable":true,"href":"https:\/\/haberbesiktas.tr\/index.php?rest_route=\/wp\/v2\/users\/1"}],"replies":[{"embeddable":true,"href":"https:\/\/haberbesiktas.tr\/index.php?rest_route=%2Fwp%2Fv2%2Fcomments&post=3682"}],"version-history":[{"count":1,"href":"https:\/\/haberbesiktas.tr\/index.php?rest_route=\/wp\/v2\/posts\/3682\/revisions"}],"predecessor-version":[{"id":3684,"href":"https:\/\/haberbesiktas.tr\/index.php?rest_route=\/wp\/v2\/posts\/3682\/revisions\/3684"}],"wp:featuredmedia":[{"embeddable":true,"href":"https:\/\/haberbesiktas.tr\/index.php?rest_route=\/wp\/v2\/media\/3683"}],"wp:attachment":[{"href":"https:\/\/haberbesiktas.tr\/index.php?rest_route=%2Fwp%2Fv2%2Fmedia&parent=3682"}],"wp:term":[{"taxonomy":"category","embeddable":true,"href":"https:\/\/haberbesiktas.tr\/index.php?rest_route=%2Fwp%2Fv2%2Fcategories&post=3682"},{"taxonomy":"post_tag","embeddable":true,"href":"https:\/\/haberbesiktas.tr\/index.php?rest_route=%2Fwp%2Fv2%2Ftags&post=3682"}],"curies":[{"name":"wp","href":"https:\/\/api.w.org\/{rel}","templated":true}]}}