{"id":36880,"date":"2025-06-12T22:12:08","date_gmt":"2025-06-12T22:12:08","guid":{"rendered":"https:\/\/haberbesiktas.tr\/?p=36880"},"modified":"2025-06-12T22:12:08","modified_gmt":"2025-06-12T22:12:08","slug":"uzak-sehir-bu-aksam-var-mi-yok-mu-31-mart-2025","status":"publish","type":"post","link":"https:\/\/haberbesiktas.tr\/?p=36880","title":{"rendered":"Uzak \u015eehir bu ak\u015fam var m\u0131, yok mu? 31 Mart 2025"},"content":{"rendered":"<div><span>Uzak Kent bu ak\u015fam var m\u0131, yok mu sorular\u0131n\u0131n cevab\u0131 izleyiciler taraf\u0131ndan ara\u015ft\u0131r\u0131l\u0131yor. Ba\u015frollerinde Ozan Akbaba ve Sinem \u00dcnsal&#8217;\u0131n yer ald\u0131\u011f\u0131 dizi, bir annenin o\u011flu ve kendisi i\u00e7in verdi\u011fi \u00e7abay\u0131 anlat\u0131yor. Hususuyla ilgi \u00e7eken dizi her Pazartesi ak\u015fam\u0131 yay\u0131nlan\u0131yor. Lakin 31 Mart 2025 Kanal D yay\u0131n ak\u0131\u015f\u0131nda \u00fcretimin yeni k\u0131sm\u0131 yer alm\u0131yor. Bu sebeple Uzak Kent neden yok, yeni k\u0131s\u0131m ne vakit yay\u0131nlanacak merak ediliyor. \u0130\u015fte, Uzak Kent yeni k\u0131s\u0131m tarihi hakk\u0131nda detaylar\u2026<\/span><\/p>\n<p><strong>UZAK KENT BU AK\u015eAM VAR MI, YOK MU?<\/strong><\/p>\n<p><span>Ramazan Bayram\u0131 m\u00fchletince dizilerin yeni k\u0131s\u0131mlar\u0131 yay\u0131nlanmayacak. Uzak Kent dizisi de bu ak\u015fam yeni k\u0131sm\u0131yla ekrana gelmeyecek.<\/span><\/p>\n<p><span>31 Mart 2025 Kanal D yay\u0131n ak\u0131\u015f\u0131na nazaran, saat 20.00&#8217;de Uzak Kent dizisinin tekrar k\u0131sm\u0131 yay\u0131nlanacak.<br \/><\/span><br \/><strong>UZAK KENT YEN\u0130 KISIM NE VAK\u0130T YAYINLANACAK?<\/strong><\/p>\n<p><span>Uzak Kent dizisinin 20. k\u0131s\u0131m fragman\u0131 yay\u0131nland\u0131. B\u00f6ylelikle dizinin yeni k\u0131s\u0131m tarihi netlik kazand\u0131.<\/span><\/p>\n<p><span>Uzak Kent 20. K\u0131sm\u0131yla 7 Nisan Pazartesi ak\u015fam\u0131 izleyici kar\u015f\u0131s\u0131na \u00e7\u0131kacak.<\/span><\/p>\n<p><strong>31 MART 2025 PAZARTES\u0130 KANAL D YAYIN AKI\u015eI<\/strong><\/p>\n<p><span>07:00 Kavak Yelleri<\/span><\/p>\n<p><span>09:00 Neler Oluyor Hayatta?<\/span><\/p>\n<p><span>11:00 Yaprak D\u00f6k\u00fcm\u00fc<\/span><\/p>\n<p><span>13:00 Gelinim Mutfakta<\/span><\/p>\n<p><span>16:00 Art Sokaklar<\/span><\/p>\n<p><span>18:30 Kanal D Ana Haber<\/span><\/p>\n<p><span>20:00 Uzak Kent (Tekrar)<\/span><\/p>\n<p><span>23:15 E\u015fref R\u00fcya<\/span><\/p>\n<p><span>02:00 Yarg\u0131<\/span><\/p>\n<p><span>04:30 Kuzey G\u00fcney<\/span><\/div>\n<div>Haber ile daha fazlas\u0131na ula\u015f\u0131n:<\/div>\n<div>G\u00fcndem<\/div>\n","protected":false},"excerpt":{"rendered":"<p>Kanal D&#8217;de yay\u0131nlanan Uzak Kent dizisi, her Pazartesi ak\u015fam\u0131 izleyici kar\u015f\u0131s\u0131na \u00e7\u0131k\u0131yor. Dram cinsindeki AyNa \u00dcretim imzal\u0131 dizi, son olarak 19. k\u0131sm\u0131yla ekrana geldi. Ramazan Bayram\u0131 tatili hasebiyle bir\u00e7ok dizi ekran maceras\u0131na orta verirken Uzak Kent bu ak\u015fam var m\u0131, yok mu sorular\u0131 g\u00fcndemdeki yerini ald\u0131. Uzak Kent yeni k\u0131s\u0131m tarihi i\u00e7in g\u00f6zler Kanal D yay\u0131n ak\u0131\u015f\u0131na \u00e7evrildi. Pekala, Uzak Kent yeni k\u0131s\u0131m ne vakit yay\u0131nlanacak? \u0130\u015fte, 31 Mart Kanal D yay\u0131n ak\u0131\u015f\u0131 ve yeni k\u0131s\u0131m tarihine ait detaylar\u2026<\/p>\n","protected":false},"author":1,"featured_media":36881,"comment_status":"open","ping_status":"open","sticky":false,"template":"","format":"standard","meta":{"footnotes":""},"categories":[10],"tags":[2895,1441,2893,561,2894],"class_list":["post-36880","post","type-post","status-publish","format-standard","has-post-thumbnail","hentry","category-basketbol","tag-aksam","tag-dizi","tag-uzak-sehir","tag-yayin","tag-yeni-bolum"],"_links":{"self":[{"href":"https:\/\/haberbesiktas.tr\/index.php?rest_route=\/wp\/v2\/posts\/36880","targetHints":{"allow":["GET"]}}],"collection":[{"href":"https:\/\/haberbesiktas.tr\/index.php?rest_route=\/wp\/v2\/posts"}],"about":[{"href":"https:\/\/haberbesiktas.tr\/index.php?rest_route=\/wp\/v2\/types\/post"}],"author":[{"embeddable":true,"href":"https:\/\/haberbesiktas.tr\/index.php?rest_route=\/wp\/v2\/users\/1"}],"replies":[{"embeddable":true,"href":"https:\/\/haberbesiktas.tr\/index.php?rest_route=%2Fwp%2Fv2%2Fcomments&post=36880"}],"version-history":[{"count":1,"href":"https:\/\/haberbesiktas.tr\/index.php?rest_route=\/wp\/v2\/posts\/36880\/revisions"}],"predecessor-version":[{"id":36882,"href":"https:\/\/haberbesiktas.tr\/index.php?rest_route=\/wp\/v2\/posts\/36880\/revisions\/36882"}],"wp:featuredmedia":[{"embeddable":true,"href":"https:\/\/haberbesiktas.tr\/index.php?rest_route=\/wp\/v2\/media\/36881"}],"wp:attachment":[{"href":"https:\/\/haberbesiktas.tr\/index.php?rest_route=%2Fwp%2Fv2%2Fmedia&parent=36880"}],"wp:term":[{"taxonomy":"category","embeddable":true,"href":"https:\/\/haberbesiktas.tr\/index.php?rest_route=%2Fwp%2Fv2%2Fcategories&post=36880"},{"taxonomy":"post_tag","embeddable":true,"href":"https:\/\/haberbesiktas.tr\/index.php?rest_route=%2Fwp%2Fv2%2Ftags&post=36880"}],"curies":[{"name":"wp","href":"https:\/\/api.w.org\/{rel}","templated":true}]}}