{"id":36883,"date":"2025-06-12T22:24:09","date_gmt":"2025-06-12T22:24:09","guid":{"rendered":"https:\/\/haberbesiktas.tr\/?p=36883"},"modified":"2025-06-12T22:24:09","modified_gmt":"2025-06-12T22:24:09","slug":"bankalar-ne-zaman-acilacak-234-nisanda-bankalar-acik-mi","status":"publish","type":"post","link":"https:\/\/haberbesiktas.tr\/?p=36883","title":{"rendered":"Bankalar ne zaman a\u00e7\u0131lacak? 2,3,4 Nisan&#8217;da bankalar a\u00e7\u0131k m\u0131?"},"content":{"rendered":"<div><span>Cumhurba\u015fkan\u0131 Erdo\u011fan&#8217;\u0131n a\u00e7\u0131klamas\u0131yla 2,3,4 Nisan g\u00fcnleri de idari m\u00fcsaade say\u0131ld\u0131 ve bayram tatili 9 g\u00fcne \u00e7\u0131kar\u0131ld\u0131. A\u00e7\u0131klama sonras\u0131nda bankalar\u0131n \u00e7al\u0131\u015fma saatleri g\u00fcndeme geldi ve bankalar\u0131n da 9 g\u00fcn tatil olup olmad\u0131\u011f\u0131 merak edilmeye ba\u015fland\u0131.<\/span><\/p>\n<p><strong>BANKALAR 9 G\u00dcN TAT\u0130L M\u0130?<br \/><\/strong><br \/><span>Cumhurba\u015fkan\u0131 Erdo\u011fan, 2-3-4 Nisan&#8217;\u0131n idari m\u00fcsaade olarak say\u0131laca\u011f\u0131n\u0131 ve bayram tatilinin kamu \u00e7al\u0131\u015fanlar\u0131 i\u00e7in 9 g\u00fcne \u00e7\u0131kar\u0131ld\u0131\u011f\u0131n\u0131 a\u00e7\u0131klam\u0131\u015ft\u0131. Yani 9 g\u00fcnl\u00fck bayram tatili devlet memurlar\u0131n\u0131 kaps\u0131yor. \u0130dari m\u00fcsaade \u00f6zel kesimi kapsamad\u0131\u011f\u0131 i\u00e7in bankalar 9 g\u00fcn tatil olmayacak.<br \/><\/span><br \/><strong>BANKALAR HANG\u0130 G\u00dcNLER TAT\u0130L?<br \/><\/strong><br \/><span>Bankalar resmi tatile nazaran kapal\u0131 oluyor. Bu durumda Ramazan Bayram\u0131 g\u00fcnleri olan 31 mart Pazartesi ve 1 Nisan Sal\u0131 g\u00fcnleri bankalar tatil olacak.<\/span><\/p>\n<p><span>Ge\u00e7mi\u015f uygulamalara bak\u0131ld\u0131\u011f\u0131nda, bankalar idari m\u00fcsaade g\u00fcnlerinde genelde a\u00e7\u0131k kalmaktad\u0131r zira 2-3-4 Nisan g\u00fcnleri resmi tatil de\u011fildir.<\/span><\/p>\n<p><span>Dolay\u0131s\u0131yla bankalar bu tarihlerde kapal\u0131yken, idari m\u00fcsaade g\u00fcnleri olan 2-4 Nisan&#8217;da ola\u011fan mesai saatlerinde (genelde 09:00-17:00 aras\u0131) hizmet verecek.<\/span><\/div>\n<div>Haber ile daha fazlas\u0131na ula\u015f\u0131n:<\/div>\n<div>G\u00fcndem<\/div>\n","protected":false},"excerpt":{"rendered":"<p>Cumhurba\u015fkan\u0131 Recep Tayyip Erdo\u011fan, bayram tatilinin idari m\u00fcsaadeyle 9 g\u00fcne \u00e7\u0131kar\u0131ld\u0131\u011f\u0131 a\u00e7\u0131klam\u0131\u015ft\u0131. Vatanda\u015flar, bayram sonras\u0131nda 2,3,4 Nisan&#8217;da bankalar\u0131n \u00e7al\u0131\u015f\u0131p \u00e7al\u0131\u015fmad\u0131\u011f\u0131n\u0131 merak ediyor. Ramazan Bayram\u0131&#8217;nda bankalar\u0131n \u00e7al\u0131\u015fma takvimi belirli oldu.<\/p>\n","protected":false},"author":1,"featured_media":36884,"comment_status":"open","ping_status":"open","sticky":false,"template":"","format":"standard","meta":{"footnotes":""},"categories":[10],"tags":[2898,2896,2897,1917,1673],"class_list":["post-36883","post","type-post","status-publish","format-standard","has-post-thumbnail","hentry","category-basketbol","tag-9-gun","tag-bankalar","tag-gunleri","tag-nisan","tag-tatil"],"_links":{"self":[{"href":"https:\/\/haberbesiktas.tr\/index.php?rest_route=\/wp\/v2\/posts\/36883","targetHints":{"allow":["GET"]}}],"collection":[{"href":"https:\/\/haberbesiktas.tr\/index.php?rest_route=\/wp\/v2\/posts"}],"about":[{"href":"https:\/\/haberbesiktas.tr\/index.php?rest_route=\/wp\/v2\/types\/post"}],"author":[{"embeddable":true,"href":"https:\/\/haberbesiktas.tr\/index.php?rest_route=\/wp\/v2\/users\/1"}],"replies":[{"embeddable":true,"href":"https:\/\/haberbesiktas.tr\/index.php?rest_route=%2Fwp%2Fv2%2Fcomments&post=36883"}],"version-history":[{"count":1,"href":"https:\/\/haberbesiktas.tr\/index.php?rest_route=\/wp\/v2\/posts\/36883\/revisions"}],"predecessor-version":[{"id":36885,"href":"https:\/\/haberbesiktas.tr\/index.php?rest_route=\/wp\/v2\/posts\/36883\/revisions\/36885"}],"wp:featuredmedia":[{"embeddable":true,"href":"https:\/\/haberbesiktas.tr\/index.php?rest_route=\/wp\/v2\/media\/36884"}],"wp:attachment":[{"href":"https:\/\/haberbesiktas.tr\/index.php?rest_route=%2Fwp%2Fv2%2Fmedia&parent=36883"}],"wp:term":[{"taxonomy":"category","embeddable":true,"href":"https:\/\/haberbesiktas.tr\/index.php?rest_route=%2Fwp%2Fv2%2Fcategories&post=36883"},{"taxonomy":"post_tag","embeddable":true,"href":"https:\/\/haberbesiktas.tr\/index.php?rest_route=%2Fwp%2Fv2%2Ftags&post=36883"}],"curies":[{"name":"wp","href":"https:\/\/api.w.org\/{rel}","templated":true}]}}