{"id":36892,"date":"2025-06-12T23:00:09","date_gmt":"2025-06-12T23:00:09","guid":{"rendered":"https:\/\/haberbesiktas.tr\/?p=36892"},"modified":"2025-06-12T23:00:09","modified_gmt":"2025-06-12T23:00:09","slug":"bayramda-iett-toplu-tasima-ucretsiz-mi-bedava-mi-2025","status":"publish","type":"post","link":"https:\/\/haberbesiktas.tr\/?p=36892","title":{"rendered":"Bayramda \u0130ETT,  toplu ta\u015f\u0131ma \u00fccretsiz mi, bedava m\u0131? 2025"},"content":{"rendered":"<div><span><span>Ge\u00e7ti\u011fimiz y\u0131llarda oldu\u011fu \u00fczere, 2025 Ramazan Bayram\u0131&#8217;nda da \u0130stanbul, Ankara ve \u0130zmir&#8217;de toplu ta\u015f\u0131ma ara\u00e7lar\u0131n\u0131n fiyats\u0131z olup olmayaca\u011f\u0131 merak ediliyor. 2024 y\u0131l\u0131nda yay\u0131mlanan Cumhurba\u015fkan\u0131 Karar\u0131 ile bayram m\u00fcddetince kimi toplu ta\u015f\u0131ma ara\u00e7lar\u0131ndan fiyats\u0131z yararlan\u0131lm\u0131\u015ft\u0131. \u0130\u015fte 2025 Ramazan Bayram\u0131&#8217;nda \u0130ETT, metro, metrob\u00fcs, Marmaray ve otob\u00fcs fiyatlar\u0131yla ilgili beklenen durum&#8230;<\/span><\/p>\n<p><strong>2025 BAYRAMINDA \u0130STANBUL&#8217;DA TOPLU TA\u015eIMA F\u0130YATSIZ M\u0130 OLACAK?<\/strong><\/p>\n<p><span>2024 y\u0131l\u0131nda Ramazan Bayram\u0131&#8217;n\u0131 kapsayan g\u00fcnlerde (10-12 Nisan), \u015fahsile\u015ftirilmi\u015f \u0130stanbulkart sahipleri \u0130stanbul B\u00fcy\u00fck\u015fehir Belediyesi&#8217;ne (\u0130BB) ili\u015fkin toplu ula\u015f\u0131m ara\u00e7lar\u0131ndan fiyats\u0131z olarak yararlanm\u0131\u015ft\u0131.<\/span><\/p>\n<p><span>2025 Ramazan Bayram\u0131&#8217;nda da benzeri bir uygulaman\u0131n hayata ge\u00e7irilmesi b\u00fcy\u00fck olas\u0131l\u0131kla bekleniyor. 2025 Ramazan Bayram\u0131 30 Mart Pazar g\u00fcn\u00fc ba\u015flay\u0131p, 31 Mart Pazartesi g\u00fcn\u00fc sona erecek. Arefe g\u00fcn\u00fc ise 29 Mart Cumartesi.<\/span><\/p>\n<p><span>Ge\u00e7ti\u011fimiz y\u0131l oldu\u011fu \u00fczere, 2025 Ramazan Bayram\u0131 m\u00fchletince (30 Mart &#8211; 31 Mart ve b\u00fcy\u00fck ihtimalle Arefe g\u00fcn\u00fc olan 29 Mart dahil), \u015fahsile\u015ftirilmi\u015f \u0130stanbulkart sahiplerinin \u0130BB&#8217;ye ba\u011fl\u0131 toplu ta\u015f\u0131ma ara\u00e7lar\u0131ndan (otob\u00fcs, metro, metrob\u00fcs, tramvay, vapur) fiyats\u0131z olarak yararlanmas\u0131 beklenmektedir.<\/span><\/p>\n<p><span>\u0130ETT, Metro \u0130stanbul ve Kent S\u0131n\u0131rlar\u0131&#8217;n\u0131n, bayram m\u00fchletince olu\u015fabilecek yo\u011funluklara kar\u015f\u0131 ek seferler d\u00fczenlemesi de muhtemeldir. \u0130BB Deniz Taksileri&#8217;nin ise 7\/24 hizmet vermeye devam etmesi bekleniyor.<\/span><\/p>\n<p><strong>2025&#8217;TE ANKARA VE \u0130ZM\u0130R&#8217;DE TOPLU TA\u015eIMA F\u0130YATSIZ M\u0130 OLACAK?<\/strong><\/p>\n<p><span>2024 y\u0131l\u0131nda Ankara&#8217;da EGO Genel M\u00fcd\u00fcrl\u00fc\u011f\u00fc, Ramazan Bayram\u0131 m\u00fchletince otob\u00fcs, metro, Ankaray ve teleferi\u011fin fiyats\u0131z olaca\u011f\u0131n\u0131 duyurmu\u015ftu. \u0130zmir&#8217;de ise \u0130ZBAN seferleri fiyats\u0131z olarak hizmet vermi\u015fti.<\/span><\/p>\n<p><span>2025 Ramazan Bayram\u0131&#8217;nda da Ankara ve \u0130zmir&#8217;de benzeri bi\u00e7imde toplu ta\u015f\u0131ma ara\u00e7lar\u0131n\u0131n fiyats\u0131z olmas\u0131 beklenmektedir.<\/span><\/p>\n<p><strong>GENEL DE\u011eERLEND\u0130RME<\/strong><\/p>\n<p><span>2024 y\u0131l\u0131ndaki uygulamalar g\u00f6z \u00f6n\u00fcne al\u0131nd\u0131\u011f\u0131nda, 2025 Ramazan Bayram\u0131&#8217;nda da \u0130stanbul&#8217;da \u015fahsile\u015ftirilmi\u015f \u0130stanbulkart sahiplerine \u0130ETT ve \u00f6b\u00fcr toplu ta\u015f\u0131ma ara\u00e7lar\u0131n\u0131n fiyats\u0131z olmas\u0131, Ankara&#8217;da EGO otob\u00fcs, metro, Ankaray ve teleferi\u011finin fiyats\u0131z olmas\u0131, \u0130zmir&#8217;de ise \u0130ZBAN seferlerinin fiyats\u0131z olmas\u0131 y\u00fcksek bir ihtimaldir.<\/span><\/p>\n<p><span>Ancak, bu mevzuda resmi bir a\u00e7\u0131klama \u015fimdi yap\u0131lmam\u0131\u015ft\u0131r. Kesin bilgi i\u00e7in \u0130stanbul B\u00fcy\u00fck\u015fehir Belediyesi, Ankara B\u00fcy\u00fck\u015fehir Belediyesi ve \u0130zmir B\u00fcy\u00fck\u015fehir Belediyesi&#8217;nin resmi duyurular\u0131n\u0131n takip edilmesi gerekmektedir.<\/span><\/p>\n<p><strong>2025 RAMAZAN BAYRAMI TAR\u0130HLER\u0130<\/strong><\/p>\n<p><span>Ramazan Bayram\u0131 Arife G\u00fcn\u00fc: 29 Mart 2025 (Cumartesi)<\/span><br \/><span>Ramazan Bayram\u0131 1. G\u00fcn: 30 Mart 2025 (Pazar)<\/span><br \/><span>Ramazan Bayram\u0131 2. G\u00fcn: 31 Mart 2025 (Pazartesi)<\/span><\/span><\/div>\n<div>Haber ile daha fazlas\u0131na ula\u015f\u0131n:<\/div>\n<div>G\u00fcndem<\/div>\n","protected":false},"excerpt":{"rendered":"<p>Bayramda \u0130ETT, ula\u015f\u0131m fiyats\u0131z mi? 2025 Bayramda toplu ta\u015f\u0131ma fiyats\u0131z mi? Ramazan Bayram\u0131 tatili uzat\u0131l\u0131rken bayramda toplu ta\u015f\u0131ma fiyats\u0131z olup olmayaca\u011f\u0131 merak konusu oldu. Resmi Gazete&#8217;de yay\u0131nlanan ilana nazaran bayramda k\u00f6pr\u00fc ve otoyollar fiyats\u0131z olacak. G\u00f6zler bayramda otob\u00fcs, metrob\u00fcs, metro, Marmaray \u00fczere toplu ta\u015f\u0131malar\u0131n \u00e7al\u0131\u015fma durumuna \u00e7evrildi. Pekala Bayramda toplu ta\u015f\u0131ma fiyats\u0131z mi, \u00fccretsiz m\u0131 olacak? \u0130\u015fte kar\u015f\u0131l\u0131\u011f\u0131<\/p>\n","protected":false},"author":1,"featured_media":36893,"comment_status":"open","ping_status":"open","sticky":false,"template":"","format":"standard","meta":{"footnotes":""},"categories":[10],"tags":[1674,693,1157,2206,2878],"class_list":["post-36892","post","type-post","status-publish","format-standard","has-post-thumbnail","hentry","category-basketbol","tag-1674","tag-ankara","tag-istanbul","tag-mart","tag-ucretsiz"],"_links":{"self":[{"href":"https:\/\/haberbesiktas.tr\/index.php?rest_route=\/wp\/v2\/posts\/36892","targetHints":{"allow":["GET"]}}],"collection":[{"href":"https:\/\/haberbesiktas.tr\/index.php?rest_route=\/wp\/v2\/posts"}],"about":[{"href":"https:\/\/haberbesiktas.tr\/index.php?rest_route=\/wp\/v2\/types\/post"}],"author":[{"embeddable":true,"href":"https:\/\/haberbesiktas.tr\/index.php?rest_route=\/wp\/v2\/users\/1"}],"replies":[{"embeddable":true,"href":"https:\/\/haberbesiktas.tr\/index.php?rest_route=%2Fwp%2Fv2%2Fcomments&post=36892"}],"version-history":[{"count":1,"href":"https:\/\/haberbesiktas.tr\/index.php?rest_route=\/wp\/v2\/posts\/36892\/revisions"}],"predecessor-version":[{"id":36894,"href":"https:\/\/haberbesiktas.tr\/index.php?rest_route=\/wp\/v2\/posts\/36892\/revisions\/36894"}],"wp:featuredmedia":[{"embeddable":true,"href":"https:\/\/haberbesiktas.tr\/index.php?rest_route=\/wp\/v2\/media\/36893"}],"wp:attachment":[{"href":"https:\/\/haberbesiktas.tr\/index.php?rest_route=%2Fwp%2Fv2%2Fmedia&parent=36892"}],"wp:term":[{"taxonomy":"category","embeddable":true,"href":"https:\/\/haberbesiktas.tr\/index.php?rest_route=%2Fwp%2Fv2%2Fcategories&post=36892"},{"taxonomy":"post_tag","embeddable":true,"href":"https:\/\/haberbesiktas.tr\/index.php?rest_route=%2Fwp%2Fv2%2Ftags&post=36892"}],"curies":[{"name":"wp","href":"https:\/\/api.w.org\/{rel}","templated":true}]}}