{"id":36895,"date":"2025-06-12T23:12:10","date_gmt":"2025-06-12T23:12:10","guid":{"rendered":"https:\/\/haberbesiktas.tr\/?p=36895"},"modified":"2025-06-12T23:12:10","modified_gmt":"2025-06-12T23:12:10","slug":"volkan-konak-beni-yakin-dedi-mi","status":"publish","type":"post","link":"https:\/\/haberbesiktas.tr\/?p=36895","title":{"rendered":"Volkan Konak beni yak\u0131n dedi mi?"},"content":{"rendered":"<div><span>\u00a0Sanat\u00e7\u0131n\u0131n hayat\u0131n\u0131 kaybetmesinin akabinde nas\u0131l g\u00f6m\u00fclmek istedi\u011fine dair s\u00f6yledikleri, toplumsal medyada g\u00fcndem oldu. Konak, yak\u0131l\u0131p k\u00fcllerinin Karadeniz&#8217;e savrulmas\u0131n\u0131 istemi\u015fti.<\/span><\/p>\n<p><span>H\u00fcrriyet m\u00fcellifi Cengiz Semercio\u011flu, 2020 y\u0131l\u0131nda &#8220;Volkan Konak: Beni yak\u0131n k\u00fcllerimi Karadeniz&#8217;e at\u0131n&#8221; ba\u015fl\u0131kl\u0131 yaz\u0131s\u0131nda Konak&#8217;\u0131n vasiyeti hakk\u0131ndaki kelamlar\u0131n\u0131 \u015f\u00f6yle aktarm\u0131\u015ft\u0131:<\/span><\/p>\n<p><span>&#8220;Siz sevenlerime vasiyetimdir, ne olur ben \u00f6l\u00fcnce g\u00f6mmesinler beni topra\u011fa. Yaks\u0131nlar benim t\u00fcm v\u00fccudumu. Ve bir kutuya koyup Karadeniz&#8217;imin \u00fcst\u00fcne bir helikopterle savursunlar t\u00fcm k\u00fcllerimi. Bilhassa de Trabzon&#8217;umun \u00fcst\u00fcne&#8230;&#8221;<\/span><\/p>\n<p><span>T\u00fcrkiye gazetesinin aktard\u0131\u011f\u0131na nazaran ise Konak \u00f6teki bir konserinde, Naz\u0131m Hikmet&#8217;in \u015fiirini okurken &#8220;Ma\u00e7ka&#8217;da d\u00fcz tarlaya babam\u0131n yan\u0131na g\u00f6m\u00fcn beni&#8221; demi\u015fti.<\/span><\/p>\n<p><\/div>\n<div>Haber ile daha fazlas\u0131na ula\u015f\u0131n:<\/div>\n<div>G\u00fcndem<\/div>\n","protected":false},"excerpt":{"rendered":"<p>Kendisine mahsus \u00fcslubu, vakit zaman \u015fiir okuyarak icra etti\u011fi m\u00fczikleri, besteleri ve sesiyle halk m\u00fczi\u011finin son periyottaki en b\u00fcy\u00fck isimlerinden olan Volkan Konak (58), KKTC&#8217;de verdi\u011fi konser s\u0131ras\u0131nda sahnede ge\u00e7irdi\u011fi krizin akabinde hayat\u0131n\u0131 kaybetti. Pekala, Volkan Konak beni yak\u0131n dedi mi?<\/p>\n","protected":false},"author":1,"featured_media":36896,"comment_status":"open","ping_status":"open","sticky":false,"template":"","format":"standard","meta":{"footnotes":""},"categories":[10],"tags":[],"class_list":["post-36895","post","type-post","status-publish","format-standard","has-post-thumbnail","hentry","category-basketbol"],"_links":{"self":[{"href":"https:\/\/haberbesiktas.tr\/index.php?rest_route=\/wp\/v2\/posts\/36895","targetHints":{"allow":["GET"]}}],"collection":[{"href":"https:\/\/haberbesiktas.tr\/index.php?rest_route=\/wp\/v2\/posts"}],"about":[{"href":"https:\/\/haberbesiktas.tr\/index.php?rest_route=\/wp\/v2\/types\/post"}],"author":[{"embeddable":true,"href":"https:\/\/haberbesiktas.tr\/index.php?rest_route=\/wp\/v2\/users\/1"}],"replies":[{"embeddable":true,"href":"https:\/\/haberbesiktas.tr\/index.php?rest_route=%2Fwp%2Fv2%2Fcomments&post=36895"}],"version-history":[{"count":1,"href":"https:\/\/haberbesiktas.tr\/index.php?rest_route=\/wp\/v2\/posts\/36895\/revisions"}],"predecessor-version":[{"id":36897,"href":"https:\/\/haberbesiktas.tr\/index.php?rest_route=\/wp\/v2\/posts\/36895\/revisions\/36897"}],"wp:featuredmedia":[{"embeddable":true,"href":"https:\/\/haberbesiktas.tr\/index.php?rest_route=\/wp\/v2\/media\/36896"}],"wp:attachment":[{"href":"https:\/\/haberbesiktas.tr\/index.php?rest_route=%2Fwp%2Fv2%2Fmedia&parent=36895"}],"wp:term":[{"taxonomy":"category","embeddable":true,"href":"https:\/\/haberbesiktas.tr\/index.php?rest_route=%2Fwp%2Fv2%2Fcategories&post=36895"},{"taxonomy":"post_tag","embeddable":true,"href":"https:\/\/haberbesiktas.tr\/index.php?rest_route=%2Fwp%2Fv2%2Ftags&post=36895"}],"curies":[{"name":"wp","href":"https:\/\/api.w.org\/{rel}","templated":true}]}}