{"id":36898,"date":"2025-06-12T23:24:06","date_gmt":"2025-06-12T23:24:06","guid":{"rendered":"https:\/\/haberbesiktas.tr\/?p=36898"},"modified":"2025-06-12T23:24:06","modified_gmt":"2025-06-12T23:24:06","slug":"anitkabir-bayramda-acik-mi-2025-anitkabir-saatleri","status":"publish","type":"post","link":"https:\/\/haberbesiktas.tr\/?p=36898","title":{"rendered":"An\u0131tkabir bayramda a\u00e7\u0131k m\u0131? 2025 An\u0131tkabir saatleri"},"content":{"rendered":"<div><span>An\u0131tkabir T\u00fcrkiye Cumhuriyeti&#8217;nin kurucusu Mustafa Kemal Atat\u00fcrk&#8217;\u00fcn mozolesinin bulundu\u011fu ve an\u0131s\u0131na yap\u0131lm\u0131\u015f olan an\u0131t kompleksidir. \u00dclkemizin de\u011ferli tarihi ve turistik yerlerinden biri olan An\u0131tkabir vatanda\u015flar taraf\u0131ndan s\u0131kl\u0131kla ziyaret edilmektedir. Lakin bayram g\u00fcnlerinde An\u0131tkabir&#8217;in a\u00e7\u0131k olup olmad\u0131\u011f\u0131 merak konusu olabiliyor.<\/span><\/p>\n<p><strong>ANITKAB\u0130R BAYRAMDA A\u00c7IK MI?<br \/><\/strong><br \/><span>An\u0131tkabir bayram g\u00fcnlerinde de ziyarete a\u00e7\u0131kt\u0131r. Lakin An\u0131tkabir&#8217;in ziyarete a\u00e7\u0131k oldu\u011fu saatler \u00f6teki g\u00fcnlere g\u00f6re farkl\u0131l\u0131k g\u00f6sterebilmektedir. An\u0131tkabir&#8217;in ziyaret saatleri a\u015fa\u011f\u0131daki \u00fczeredir:<\/span><\/p>\n<p><strong>ANITKAB\u0130R Z\u0130YARET G\u00dcNLER\u0130 NE VAK\u0130T?<br \/><\/strong><br \/><span>01 \u015eubat &#8211; 14 May\u0131s Tarihleri Ortas\u0131nda: A\u00e7\u0131l\u0131\u015f: 09:00 \/ Kapan\u0131\u015f: 16:30<\/span><\/p>\n<p><span>15 May\u0131s &#8211; 31 Ekim Tarihleri Ortas\u0131nda: A\u00e7\u0131l\u0131\u015f: 09:00 \/ Kapan\u0131\u015f: 17:00<\/span><\/p>\n<p><span>01 Kas\u0131m &#8211; 31 Ocak Tarihleri Ortas\u0131nda: A\u00e7\u0131l\u0131\u015f: 09:00 \/ Kapan\u0131\u015f: 16:00<\/span><\/p>\n<p><span>Bu saatlerde An\u0131tkabir ziyaret\u00e7ilere a\u00e7\u0131kt\u0131r ve ziyaret\u00e7iler Atat\u00fcrk&#8217;\u00fcn manevi huzurunda bulunarak h\u00fcrmetlerini sunabilirler. Lakin bayram g\u00fcnlerinde ziyaret saatlerinde rastgele bir de\u011fi\u015fiklik olup olmad\u0131\u011f\u0131n\u0131 evvelden denetim etmek yararl\u0131 olabilir. Bu bilgiler do\u011frultusunda An\u0131tkabir&#8217;i ziyaret ederek Ata&#8217;m\u0131z\u0131n aziz an\u0131s\u0131na h\u00fcrmet g\u00f6sterebiliriz.<\/span><\/div>\n<div>Haber ile daha fazlas\u0131na ula\u015f\u0131n:<\/div>\n<div>G\u00fcndem<\/div>\n","protected":false},"excerpt":{"rendered":"<p>Bilhassa bayram g\u00fcnleri vatanda\u015flar\u0131n An\u0131tkabir&#8217;e ziyaret say\u0131lar\u0131 artmaktad\u0131r. Bayramda Atat\u00fcrk&#8217;\u00fc ziyaret etmek isteyen vatanda\u015flar\u0131n ak\u0131llar\u0131ndaki birinci soru &#8221;An\u0131tkabir bayramda a\u00e7\u0131k m\u0131?&#8221; oluyor. An\u0131tkabir&#8217;in ziyaret g\u00fcn ve saatleri \u015fu formda&#8230;<\/p>\n","protected":false},"author":1,"featured_media":36899,"comment_status":"open","ping_status":"open","sticky":false,"template":"","format":"standard","meta":{"footnotes":""},"categories":[10],"tags":[2900,173],"class_list":["post-36898","post","type-post","status-publish","format-standard","has-post-thumbnail","hentry","category-basketbol","tag-anitkabir","tag-ziyaret"],"_links":{"self":[{"href":"https:\/\/haberbesiktas.tr\/index.php?rest_route=\/wp\/v2\/posts\/36898","targetHints":{"allow":["GET"]}}],"collection":[{"href":"https:\/\/haberbesiktas.tr\/index.php?rest_route=\/wp\/v2\/posts"}],"about":[{"href":"https:\/\/haberbesiktas.tr\/index.php?rest_route=\/wp\/v2\/types\/post"}],"author":[{"embeddable":true,"href":"https:\/\/haberbesiktas.tr\/index.php?rest_route=\/wp\/v2\/users\/1"}],"replies":[{"embeddable":true,"href":"https:\/\/haberbesiktas.tr\/index.php?rest_route=%2Fwp%2Fv2%2Fcomments&post=36898"}],"version-history":[{"count":1,"href":"https:\/\/haberbesiktas.tr\/index.php?rest_route=\/wp\/v2\/posts\/36898\/revisions"}],"predecessor-version":[{"id":36900,"href":"https:\/\/haberbesiktas.tr\/index.php?rest_route=\/wp\/v2\/posts\/36898\/revisions\/36900"}],"wp:featuredmedia":[{"embeddable":true,"href":"https:\/\/haberbesiktas.tr\/index.php?rest_route=\/wp\/v2\/media\/36899"}],"wp:attachment":[{"href":"https:\/\/haberbesiktas.tr\/index.php?rest_route=%2Fwp%2Fv2%2Fmedia&parent=36898"}],"wp:term":[{"taxonomy":"category","embeddable":true,"href":"https:\/\/haberbesiktas.tr\/index.php?rest_route=%2Fwp%2Fv2%2Fcategories&post=36898"},{"taxonomy":"post_tag","embeddable":true,"href":"https:\/\/haberbesiktas.tr\/index.php?rest_route=%2Fwp%2Fv2%2Ftags&post=36898"}],"curies":[{"name":"wp","href":"https:\/\/api.w.org\/{rel}","templated":true}]}}