{"id":3691,"date":"2025-01-15T01:18:42","date_gmt":"2025-01-15T01:18:42","guid":{"rendered":"https:\/\/haberbesiktas.tr\/?p=3691"},"modified":"2025-01-15T01:18:42","modified_gmt":"2025-01-15T01:18:42","slug":"galatasarayda-transfer-ayriliga-bagli","status":"publish","type":"post","link":"https:\/\/haberbesiktas.tr\/?p=3691","title":{"rendered":"Galatasaray&#8217;da transfer ayr\u0131l\u0131\u011fa ba\u011fl\u0131!"},"content":{"rendered":"<div>Nottingham Forest&#8217;\u0131n Bar\u0131\u015f Alper Y\u0131lmaz i\u00e7in yapt\u0131\u011f\u0131 teklifi geri \u00e7eviren Galatasaray, \u0130ngiliz grubunun sa\u011f beki Ola Aina&#8217;ya kanca att\u0131.<\/p>\n<p> <strong>KURTARICI OLAB\u0130L\u0130R<\/strong><\/p>\n<p> Bu d\u00f6nem formunun doru\u011funda olan Nijeryal\u0131 futbolcu, Jelert&#8217;te hayal k\u0131r\u0131kl\u0131\u011f\u0131 ya\u015fayan sar\u0131-k\u0131rm\u0131z\u0131l\u0131lar\u0131n kurtar\u0131c\u0131s\u0131 olabilir.<\/p>\n<p> <strong>OSIMHEN&#8217;DEN B\u0130LG\u0130 ALDI<\/strong><\/p>\n<p> Nottingham Forest ile kontrat\u0131 d\u00f6nem sonunda bitecek Ola Aina, ulusal kadrodan arkada\u015f\u0131 Osimhen&#8217;den bilgi ald\u0131.<\/p>\n<p> <strong>TRANSFER AYRILI\u011eA BA\u011eLI<\/strong><\/p>\n<p> 28 ya\u015f\u0131ndaki futbolcu, kul\u00fcplerin mutabakat\u0131 halinde Galatasaray formas\u0131 giymeye haz\u0131r. Orta transferde \u00f6nceli\u011fi hamle oyuncusuna veren sar\u0131-k\u0131rm\u0131z\u0131l\u0131larda sa\u011f bek deste\u011fi Jelert&#8217;e ba\u011fl\u0131.<\/p>\n<p> 9 milyon Euro yat\u0131r\u0131m yap\u0131lan Danimarkal\u0131 isim ziyan etme k\u0131ymetine sat\u0131l\u0131rsa, Ola Aina i\u00e7in ko\u015fullar zorlanacak.\u00a0<\/p>\n<div>\u00a0<\/div>\n<\/div>\n","protected":false},"excerpt":{"rendered":"<p>Galatasaray, Nottingham Forest formas\u0131 giyen sa\u011f bek Ola Aina&#8217;y\u0131 g\u00fcndemine ald\u0131. Sar\u0131 k\u0131rm\u0131z\u0131l\u0131 grupta transfer ayr\u0131l\u0131\u011fa ba\u011fl\u0131. \u0130\u015fte ayr\u0131nt\u0131lar&#8230;<\/p>\n","protected":false},"author":1,"featured_media":3692,"comment_status":"open","ping_status":"open","sticky":false,"template":"","format":"standard","meta":{"footnotes":""},"categories":[25],"tags":[502],"class_list":["post-3691","post","type-post","status-publish","format-standard","has-post-thumbnail","hentry","category-futbol","tag-ola"],"_links":{"self":[{"href":"https:\/\/haberbesiktas.tr\/index.php?rest_route=\/wp\/v2\/posts\/3691","targetHints":{"allow":["GET"]}}],"collection":[{"href":"https:\/\/haberbesiktas.tr\/index.php?rest_route=\/wp\/v2\/posts"}],"about":[{"href":"https:\/\/haberbesiktas.tr\/index.php?rest_route=\/wp\/v2\/types\/post"}],"author":[{"embeddable":true,"href":"https:\/\/haberbesiktas.tr\/index.php?rest_route=\/wp\/v2\/users\/1"}],"replies":[{"embeddable":true,"href":"https:\/\/haberbesiktas.tr\/index.php?rest_route=%2Fwp%2Fv2%2Fcomments&post=3691"}],"version-history":[{"count":1,"href":"https:\/\/haberbesiktas.tr\/index.php?rest_route=\/wp\/v2\/posts\/3691\/revisions"}],"predecessor-version":[{"id":3693,"href":"https:\/\/haberbesiktas.tr\/index.php?rest_route=\/wp\/v2\/posts\/3691\/revisions\/3693"}],"wp:featuredmedia":[{"embeddable":true,"href":"https:\/\/haberbesiktas.tr\/index.php?rest_route=\/wp\/v2\/media\/3692"}],"wp:attachment":[{"href":"https:\/\/haberbesiktas.tr\/index.php?rest_route=%2Fwp%2Fv2%2Fmedia&parent=3691"}],"wp:term":[{"taxonomy":"category","embeddable":true,"href":"https:\/\/haberbesiktas.tr\/index.php?rest_route=%2Fwp%2Fv2%2Fcategories&post=3691"},{"taxonomy":"post_tag","embeddable":true,"href":"https:\/\/haberbesiktas.tr\/index.php?rest_route=%2Fwp%2Fv2%2Ftags&post=3691"}],"curies":[{"name":"wp","href":"https:\/\/api.w.org\/{rel}","templated":true}]}}