{"id":36931,"date":"2025-06-13T01:48:08","date_gmt":"2025-06-13T01:48:08","guid":{"rendered":"https:\/\/haberbesiktas.tr\/?p=36931"},"modified":"2025-06-13T01:48:08","modified_gmt":"2025-06-13T01:48:08","slug":"iste-fenerbahce-galatasaray-derbisinin-hakemi-2","status":"publish","type":"post","link":"https:\/\/haberbesiktas.tr\/?p=36931","title":{"rendered":"\u0130\u015fte Fenerbah\u00e7e &#8211; Galatasaray derbisinin hakemi"},"content":{"rendered":"<div>\n<p>Ziraat T\u00fcrkiye Kupas\u0131 \u00c7eyrek Final ma\u00e7\u0131nda 2 Nisan \u00c7ar\u015famba g\u00fcn\u00fc Fenerbah\u00e7e, Galatasaray&#8217;\u0131 a\u011f\u0131rlayacak.<\/p>\n<p> T\u00fcrkiye Futbol Federasyonu (TFF) Merkez Hakem Heyetinden (MHK) yap\u0131lan a\u00e7\u0131klamaya nazaran, Ziraat T\u00fcrkiye Kupas\u0131 \u00c7eyrek Final ma\u00e7\u0131nda Fenerbah\u00e7e ile Galatasaray ortas\u0131nda 2 Nisan \u00c7ar\u015famba g\u00fcn\u00fc g\u00fcn\u00fc oynanacak derbide hakem Cihan Ayd\u0131n vazife alacak.<\/p>\n<p> <strong>C\u0130HAN AYDIN&#8217;IN F.BAH\u00c7E VE G.SARAY KARNES\u0130<\/strong><\/p>\n<p> Derbinin hakemi Cihan Ayd\u0131n, bu d\u00f6nem iki ekibin da 3&#8217;er lig ma\u00e7\u0131n\u0131 y\u00f6netti. Fenerbah\u00e7e, 3 ma\u00e7ta 2 galibiyet ve 1 beraberlik ald\u0131. Galatasaray, 3 ma\u00e7ta 1 galibiyet ve 2 beraberlik ald\u0131.<\/p>\n<p> <em><strong>TFF&#8217;den yap\u0131lan a\u00e7\u0131klamaya nazaran \u00e7eyrek final m\u00fcsabakalar\u0131n\u0131 y\u00f6netecek hakemler \u015fu bi\u00e7imde:<\/strong><\/em><\/p>\n<p> <strong>1 N\u0130SAN SALI<\/strong><\/p>\n<p> Konyaspor \u2013 \u0130skenderunspor: Ozan Erg\u00fcn<\/p>\n<p> <strong>2 N\u0130SAN \u00c7AR\u015eAMBA<\/strong><\/p>\n<p> Trabzonspor \u2013 Bodrum FK: Zorbay K\u00fc\u00e7\u00fck<\/p>\n<p> Fenerbah\u00e7e \u2013 Galatasaray: Cihan Ayd\u0131n<\/p>\n<p> Be\u015fikta\u015f \u2013 G\u00f6ztepe: Atilla Karao\u011flan<\/p>\n<\/div>\n","protected":false},"excerpt":{"rendered":"<p>T\u00fcrkiye Futbol Federasyonu (TFF), Fenerbah\u00e7e- Galatasaray derbisinde d\u00fcd\u00fck \u00e7alacak hakemi belirledi.<\/p>\n","protected":false},"author":1,"featured_media":36932,"comment_status":"open","ping_status":"open","sticky":false,"template":"","format":"standard","meta":{"footnotes":""},"categories":[10],"tags":[],"class_list":["post-36931","post","type-post","status-publish","format-standard","has-post-thumbnail","hentry","category-basketbol"],"_links":{"self":[{"href":"https:\/\/haberbesiktas.tr\/index.php?rest_route=\/wp\/v2\/posts\/36931","targetHints":{"allow":["GET"]}}],"collection":[{"href":"https:\/\/haberbesiktas.tr\/index.php?rest_route=\/wp\/v2\/posts"}],"about":[{"href":"https:\/\/haberbesiktas.tr\/index.php?rest_route=\/wp\/v2\/types\/post"}],"author":[{"embeddable":true,"href":"https:\/\/haberbesiktas.tr\/index.php?rest_route=\/wp\/v2\/users\/1"}],"replies":[{"embeddable":true,"href":"https:\/\/haberbesiktas.tr\/index.php?rest_route=%2Fwp%2Fv2%2Fcomments&post=36931"}],"version-history":[{"count":1,"href":"https:\/\/haberbesiktas.tr\/index.php?rest_route=\/wp\/v2\/posts\/36931\/revisions"}],"predecessor-version":[{"id":36933,"href":"https:\/\/haberbesiktas.tr\/index.php?rest_route=\/wp\/v2\/posts\/36931\/revisions\/36933"}],"wp:featuredmedia":[{"embeddable":true,"href":"https:\/\/haberbesiktas.tr\/index.php?rest_route=\/wp\/v2\/media\/36932"}],"wp:attachment":[{"href":"https:\/\/haberbesiktas.tr\/index.php?rest_route=%2Fwp%2Fv2%2Fmedia&parent=36931"}],"wp:term":[{"taxonomy":"category","embeddable":true,"href":"https:\/\/haberbesiktas.tr\/index.php?rest_route=%2Fwp%2Fv2%2Fcategories&post=36931"},{"taxonomy":"post_tag","embeddable":true,"href":"https:\/\/haberbesiktas.tr\/index.php?rest_route=%2Fwp%2Fv2%2Ftags&post=36931"}],"curies":[{"name":"wp","href":"https:\/\/api.w.org\/{rel}","templated":true}]}}