{"id":36940,"date":"2025-06-13T02:24:06","date_gmt":"2025-06-13T02:24:06","guid":{"rendered":"https:\/\/haberbesiktas.tr\/?p=36940"},"modified":"2025-06-13T02:24:06","modified_gmt":"2025-06-13T02:24:06","slug":"kleiman-jenkinsin-gorevden-alinmasi-oyuncularin-degil-benim-kararimdi-2","status":"publish","type":"post","link":"https:\/\/haberbesiktas.tr\/?p=36940","title":{"rendered":"Kleiman: &#8220;Jenkins&#8217;in g\u00f6revden al\u0131nmas\u0131 oyuncular\u0131n de\u011fil, benim karar\u0131md\u0131&#8221;"},"content":{"rendered":"<div>Memphis Grizzlies genel menajeri Zach Kleiman, eski ba\u015fantren\u00f6r Taylor Jenkins&#8217;in misyonuna son verilmesinin b\u00fcsb\u00fct\u00fcn kendi karar\u0131 oldu\u011funu vurgulayarak, Grizzlies oyuncular\u0131n\u0131n bu s\u00fcre\u00e7te hi\u00e7bir formda fikirlerine ba\u015fvurulmad\u0131\u011f\u0131n\u0131 belirtti.<\/p>\n<p> Kleiman, ba\u015fantren\u00f6r Taylor Jenkins&#8217;in misyondan al\u0131nmas\u0131na dair bas\u0131n mensuplar\u0131yla k\u0131sa bir toplant\u0131 ger\u00e7ekle\u015ftirdi.<\/p>\n<p> Kleiman, Jenkins&#8217;in misyonuna son verilmesinin b\u00fcsb\u00fct\u00fcn kendi karar\u0131 oldu\u011funu vurgulayarak, Grizzlies oyuncular\u0131n\u0131n bu s\u00fcre\u00e7te hi\u00e7bir halde fikirlerine ba\u015fvurulmad\u0131\u011f\u0131n\u0131 s\u00f6yledi. Ayr\u0131yeten, bu de\u011fi\u015fikli\u011fin &#8220;tak\u0131m\u0131n en g\u00fczel \u00e7\u0131karlar\u0131 do\u011frultusunda&#8221; yap\u0131ld\u0131\u011f\u0131n\u0131 tabir etti.<\/p>\n<p> &#8220;Aciliyet bizim temel unsurlar\u0131m\u0131zdan biridir,&#8221; diyen Kleiman, &#8220;Bu y\u00fczden bu hamleyi yapmaya karar verdim,&#8221; halinde konu\u015ftu.<\/p>\n<p> Lakin, de\u011fi\u015fikli\u011fin zamanlamas\u0131na dair de ger\u00e7ek\u00e7i bir bak\u0131\u015f a\u00e7\u0131s\u0131 sergileyen Kleiman, ola\u011fan d\u00f6nemin bitmesine sadece iki hafta kald\u0131\u011f\u0131n\u0131 hat\u0131rlatarak, &#8220;Ger\u00e7ek\u00e7i beklentilerimiz var. D\u00f6nemin bu noktas\u0131nda bir s\u00fcr\u00fc yeni \u015fey eklemeye vakit olmayacak. Benim beklentim, ekibin taraf\u0131na dair net bir vizyon olu\u015fturulmas\u0131 ve elimizden geleni yapmak. Neleri ba\u015farabilece\u011fimizi g\u00f6rece\u011fiz,&#8221; dedi.<\/p>\n<\/div>\n","protected":false},"excerpt":{"rendered":"<p>Memphis Grizzlies genel menajeri Zach Kleiman, eski ba\u015fantren\u00f6r Taylor Jenkins&#8217;in misyonuna son verilmesinin b\u00fcsb\u00fct\u00fcn kendi karar\u0131 oldu\u011funu vurgulayarak, Grizzlies oyuncular\u0131n\u0131n bu s\u00fcre\u00e7te hi\u00e7bir formda fikirlerine ba\u015fvurulmad\u0131\u011f\u0131n\u0131 belirtti.<\/p>\n","protected":false},"author":1,"featured_media":36941,"comment_status":"open","ping_status":"open","sticky":false,"template":"","format":"standard","meta":{"footnotes":""},"categories":[10],"tags":[],"class_list":["post-36940","post","type-post","status-publish","format-standard","has-post-thumbnail","hentry","category-basketbol"],"_links":{"self":[{"href":"https:\/\/haberbesiktas.tr\/index.php?rest_route=\/wp\/v2\/posts\/36940","targetHints":{"allow":["GET"]}}],"collection":[{"href":"https:\/\/haberbesiktas.tr\/index.php?rest_route=\/wp\/v2\/posts"}],"about":[{"href":"https:\/\/haberbesiktas.tr\/index.php?rest_route=\/wp\/v2\/types\/post"}],"author":[{"embeddable":true,"href":"https:\/\/haberbesiktas.tr\/index.php?rest_route=\/wp\/v2\/users\/1"}],"replies":[{"embeddable":true,"href":"https:\/\/haberbesiktas.tr\/index.php?rest_route=%2Fwp%2Fv2%2Fcomments&post=36940"}],"version-history":[{"count":1,"href":"https:\/\/haberbesiktas.tr\/index.php?rest_route=\/wp\/v2\/posts\/36940\/revisions"}],"predecessor-version":[{"id":36942,"href":"https:\/\/haberbesiktas.tr\/index.php?rest_route=\/wp\/v2\/posts\/36940\/revisions\/36942"}],"wp:featuredmedia":[{"embeddable":true,"href":"https:\/\/haberbesiktas.tr\/index.php?rest_route=\/wp\/v2\/media\/36941"}],"wp:attachment":[{"href":"https:\/\/haberbesiktas.tr\/index.php?rest_route=%2Fwp%2Fv2%2Fmedia&parent=36940"}],"wp:term":[{"taxonomy":"category","embeddable":true,"href":"https:\/\/haberbesiktas.tr\/index.php?rest_route=%2Fwp%2Fv2%2Fcategories&post=36940"},{"taxonomy":"post_tag","embeddable":true,"href":"https:\/\/haberbesiktas.tr\/index.php?rest_route=%2Fwp%2Fv2%2Ftags&post=36940"}],"curies":[{"name":"wp","href":"https:\/\/api.w.org\/{rel}","templated":true}]}}