{"id":3697,"date":"2025-01-15T02:06:40","date_gmt":"2025-01-15T02:06:40","guid":{"rendered":"https:\/\/haberbesiktas.tr\/?p=3697"},"modified":"2025-01-15T02:06:40","modified_gmt":"2025-01-15T02:06:40","slug":"besiktasta-sol-bek-harekati","status":"publish","type":"post","link":"https:\/\/haberbesiktas.tr\/?p=3697","title":{"rendered":"Be\u015fikta\u015f&#8217;ta sol bek harekat\u0131!"},"content":{"rendered":"<div>Ligde istedi\u011fi sonu\u00e7lar\u0131 alamayan Be\u015fikta\u015f&#8217;ta transfer \u00e7al\u0131\u015fmalar\u0131 t\u00fcm s\u00fcratiyle devam ediyor.<\/p>\n<p>Siyah-beyazl\u0131lar, LASK grubunda forma giyen Amerikal\u0131 <strong>George Bello<\/strong>&#8216;yu g\u00fcndemine ald\u0131.<\/p>\n<p><strong>HIZIYLA D\u0130KKAT \u00c7EK\u0130YOR<br \/><\/strong><br \/>Gen\u00e7 futbolcu, ya\u015f\u0131na kar\u015f\u0131n deneyim kokan hareketleri, s\u00fcrat ve teknik \u00f6zellikleriyle dikkat \u00e7ekiyor. S\u00fcratli \u00e7\u0131k\u0131\u015flar\u0131 ve savunma h\u00fcnerleriyle tan\u0131nan 22 ya\u015f\u0131ndaki oyuncu, hem sol bekte, hem de atakta tesirli olan oyuncu, mesle\u011fiyle yeterli bir profil \u00e7iziyor.\u00a0<\/p>\n<p><strong>DE\u011eER\u0130 2 M\u0130LYON<\/strong><\/p>\n<p>Avusturya grubu LASK, Bello i\u00e7in 2 milyon euro istiyor.<\/p>\n<p><strong>SATIN ALMA OPS\u0130YONLU K\u0130RALANAB\u0130L\u0130R<\/strong><\/p>\n<p><span>Bello&#8217;ya siyah-beyazl\u0131 formay\u0131 giydirebilmek i\u00e7in kurmaylar harekete ge\u00e7erken, sat\u0131\u015f opsiyonlu kiralama d\u00fc\u015f\u00fcn\u00fcld\u00fc\u011f\u00fc aktar\u0131ld\u0131.<\/span><\/p>\n<p><strong>S\u00d6ZLE\u015eMES\u0130 2026&#8217;DA SONA ERECEK<\/strong><\/p>\n<p><span>Haziran 2026 da mukavelesi sona erecek gen\u00e7 futbolcu bu d\u00f6nem t\u00fcm kulvarlarda 16 ma\u00e7a \u00e7\u0131k\u0131p 1345 dakika m\u00fcddet ald\u0131 1 asistlik skor katk\u0131s\u0131 verdi.\u00a0<\/span><\/p>\n<div>\u00a0<\/div>\n<\/div>\n","protected":false},"excerpt":{"rendered":"<p>Be\u015fikta\u015f, Lask Linz formas\u0131 giyen gen\u00e7 oyuncu George Bello&#8217;yu g\u00fcndemine ald\u0131.<\/p>\n","protected":false},"author":1,"featured_media":3698,"comment_status":"open","ping_status":"open","sticky":false,"template":"","format":"standard","meta":{"footnotes":""},"categories":[25],"tags":[],"class_list":["post-3697","post","type-post","status-publish","format-standard","has-post-thumbnail","hentry","category-futbol"],"_links":{"self":[{"href":"https:\/\/haberbesiktas.tr\/index.php?rest_route=\/wp\/v2\/posts\/3697","targetHints":{"allow":["GET"]}}],"collection":[{"href":"https:\/\/haberbesiktas.tr\/index.php?rest_route=\/wp\/v2\/posts"}],"about":[{"href":"https:\/\/haberbesiktas.tr\/index.php?rest_route=\/wp\/v2\/types\/post"}],"author":[{"embeddable":true,"href":"https:\/\/haberbesiktas.tr\/index.php?rest_route=\/wp\/v2\/users\/1"}],"replies":[{"embeddable":true,"href":"https:\/\/haberbesiktas.tr\/index.php?rest_route=%2Fwp%2Fv2%2Fcomments&post=3697"}],"version-history":[{"count":1,"href":"https:\/\/haberbesiktas.tr\/index.php?rest_route=\/wp\/v2\/posts\/3697\/revisions"}],"predecessor-version":[{"id":3699,"href":"https:\/\/haberbesiktas.tr\/index.php?rest_route=\/wp\/v2\/posts\/3697\/revisions\/3699"}],"wp:featuredmedia":[{"embeddable":true,"href":"https:\/\/haberbesiktas.tr\/index.php?rest_route=\/wp\/v2\/media\/3698"}],"wp:attachment":[{"href":"https:\/\/haberbesiktas.tr\/index.php?rest_route=%2Fwp%2Fv2%2Fmedia&parent=3697"}],"wp:term":[{"taxonomy":"category","embeddable":true,"href":"https:\/\/haberbesiktas.tr\/index.php?rest_route=%2Fwp%2Fv2%2Fcategories&post=3697"},{"taxonomy":"post_tag","embeddable":true,"href":"https:\/\/haberbesiktas.tr\/index.php?rest_route=%2Fwp%2Fv2%2Ftags&post=3697"}],"curies":[{"name":"wp","href":"https:\/\/api.w.org\/{rel}","templated":true}]}}