{"id":36999,"date":"2025-06-13T06:12:06","date_gmt":"2025-06-13T06:12:06","guid":{"rendered":"https:\/\/haberbesiktas.tr\/?p=36999"},"modified":"2025-06-13T06:12:06","modified_gmt":"2025-06-13T06:12:06","slug":"dirk-kuytin-takimi-kume-dustu-2","status":"publish","type":"post","link":"https:\/\/haberbesiktas.tr\/?p=36999","title":{"rendered":"Dirk Kuyt&#8217;\u0131n tak\u0131m\u0131 k\u00fcme d\u00fc\u015ft\u00fc"},"content":{"rendered":"<div>\n<p>Futbolculuk mesle\u011finde Fenerbah\u00e7e, Liverpool ve Feyenoord \u00fczere dev kul\u00fcplerde forma giyen Dirk Kuyt, teknik y\u00f6neticilikte istedi\u011fi ba\u015far\u0131y\u0131 yakalayam\u0131yor.\u00a0<\/p>\n<p> Bel\u00e7ika Jupiler Pro Lig tak\u0131mlar\u0131ndan Beerschot&#8217;un ba\u015f\u0131nda bulunan Kuyt, tak\u0131m\u0131yla ligde kalma gayretinde ba\u015far\u0131s\u0131z oldu.\u00a0<\/p>\n<p> D\u00f6nemi 18 puanla son s\u0131rada tamamlayan Beerschot, K\u00fcme D\u00fc\u015fme Play-Off Grubu&#8217;ndaki birinci ma\u00e7\u0131nda Sint-Truiden&#8217;e 1-0 ma\u011flup oldu. Kortrijk ile Cercle Brugge ortas\u0131ndaki gayretin 2-2 sona ermesiyle birlikte matematiksel olarak k\u00fcme d\u00fc\u015fmesi mutlakla\u015fan grup, gelecek d\u00f6nem Bel\u00e7ika Challenger Pro Lig&#8217;de u\u011fra\u015f edecek.\u00a0<\/p>\n<p> <strong>DEVAM ED\u0130P ETMEYECE\u011e\u0130 BEL\u0130RS\u0130Z\u00a0<\/strong><\/p>\n<p> Beerschot&#8217;ta Dirk Kuyt&#8217;\u0131n gelece\u011fi belirsizli\u011fini koruyor. Bel\u00e7ika bas\u0131n\u0131nda yer alan haberlere nazaran, tecr\u00fcbeli \u00e7al\u0131\u015ft\u0131r\u0131c\u0131n\u0131n maa\u015f\u0131 2. Lig d\u00fczeyindeki bir kadro i\u00e7in y\u00fcksek olsa da misyona devam edip etmeyece\u011fi konusunda \u015fimdi net bir karar al\u0131nm\u0131\u015f de\u011fil.<\/p>\n<\/div>\n","protected":false},"excerpt":{"rendered":"<p>Fenerbah\u00e7e&#8217;nin eski futbolcusu Dirk Kuyt&#8217;\u0131n teknik y\u00f6neticili\u011fini yapt\u0131\u011f\u0131 Beerschot&#8217;un, Bel\u00e7ika Ligi&#8217;nde bitime 5 ma\u00e7 kala k\u00fcme d\u00fc\u015fmesi kat\u0131la\u015ft\u0131.<\/p>\n","protected":false},"author":1,"featured_media":37000,"comment_status":"open","ping_status":"open","sticky":false,"template":"","format":"standard","meta":{"footnotes":""},"categories":[10],"tags":[],"class_list":["post-36999","post","type-post","status-publish","format-standard","has-post-thumbnail","hentry","category-basketbol"],"_links":{"self":[{"href":"https:\/\/haberbesiktas.tr\/index.php?rest_route=\/wp\/v2\/posts\/36999","targetHints":{"allow":["GET"]}}],"collection":[{"href":"https:\/\/haberbesiktas.tr\/index.php?rest_route=\/wp\/v2\/posts"}],"about":[{"href":"https:\/\/haberbesiktas.tr\/index.php?rest_route=\/wp\/v2\/types\/post"}],"author":[{"embeddable":true,"href":"https:\/\/haberbesiktas.tr\/index.php?rest_route=\/wp\/v2\/users\/1"}],"replies":[{"embeddable":true,"href":"https:\/\/haberbesiktas.tr\/index.php?rest_route=%2Fwp%2Fv2%2Fcomments&post=36999"}],"version-history":[{"count":1,"href":"https:\/\/haberbesiktas.tr\/index.php?rest_route=\/wp\/v2\/posts\/36999\/revisions"}],"predecessor-version":[{"id":37001,"href":"https:\/\/haberbesiktas.tr\/index.php?rest_route=\/wp\/v2\/posts\/36999\/revisions\/37001"}],"wp:featuredmedia":[{"embeddable":true,"href":"https:\/\/haberbesiktas.tr\/index.php?rest_route=\/wp\/v2\/media\/37000"}],"wp:attachment":[{"href":"https:\/\/haberbesiktas.tr\/index.php?rest_route=%2Fwp%2Fv2%2Fmedia&parent=36999"}],"wp:term":[{"taxonomy":"category","embeddable":true,"href":"https:\/\/haberbesiktas.tr\/index.php?rest_route=%2Fwp%2Fv2%2Fcategories&post=36999"},{"taxonomy":"post_tag","embeddable":true,"href":"https:\/\/haberbesiktas.tr\/index.php?rest_route=%2Fwp%2Fv2%2Ftags&post=36999"}],"curies":[{"name":"wp","href":"https:\/\/api.w.org\/{rel}","templated":true}]}}