{"id":37005,"date":"2025-06-13T06:36:06","date_gmt":"2025-06-13T06:36:06","guid":{"rendered":"https:\/\/haberbesiktas.tr\/?p=37005"},"modified":"2025-06-13T06:36:06","modified_gmt":"2025-06-13T06:36:06","slug":"altinorduun-hedefi-2-deplasmandan-6-puan-2","status":"publish","type":"post","link":"https:\/\/haberbesiktas.tr\/?p=37005","title":{"rendered":"Alt\u0131nordu&#8217;un hedefi, 2 deplasmandan 6 puan"},"content":{"rendered":"<div>2&#8217;nci Lig Beyaz K\u00fcme&#8217;de 55 puanla 4&#8217;\u00fcnc\u00fc s\u0131rada yer alan Alt\u0131nordu&#8217;nun teknik y\u00f6neticisi Ersan Parlatan, bu hafta \u00fcst \u00fcste deplasmanda oynayacaklar\u0131 Kastamonuspor ve 1461 Trabzon FK ma\u00e7lar\u0131ndan 6 puan \u00e7\u0131karmay\u0131 hedeflediklerini s\u00f6yledi. <\/p>\n<p>Son 2 ma\u00e7\u0131nda Altay ve Karak\u00f6pr\u00fc Belediyespor&#8217;u yenerek moral bulan \u0130zmir temsilcisi k\u00fcmede \u00e7ar\u015famba g\u00fcn\u00fc erteleme ma\u00e7\u0131nda Kastamonuspor&#8217;a konuk olduktan sonra pazar g\u00fcn\u00fc Trabzon deplasman\u0131nda galibiyet arayacak.<\/p>\n<p> Teknik i\u015fveren Parlatan, <strong>&#8220;Altay ve Karak\u00f6pr\u00fc \u00fczere k\u00fcme d\u00fc\u015fmeme u\u011fra\u015f\u0131 veren iki ekibe kar\u015f\u0131 k\u0131sa m\u00fcddet i\u00e7inde oynad\u0131\u011f\u0131m\u0131z iki ma\u00e7tan 6 puan almak de\u011ferliydi. Art\u0131k birinci rakibimiz Kastamonuspor bizim bir \u00fcst s\u0131ram\u0131zda yer al\u0131yor. 1461 Trabzon da ikinci yar\u0131ya \u00e2l\u00e2 ba\u015flang\u0131\u00e7 yapt\u0131. \u0130ki kar\u015f\u0131la\u015fman\u0131n da farkl\u0131 oyunlar olaca\u011f\u0131n\u0131 d\u00fc\u015f\u00fcn\u00fcyorum. Ama\u00e7lar\u0131m\u0131z do\u011frultusunda kazanmak i\u00e7in \u00e7\u0131k\u0131yoruz lakin bilmemiz gereken \u015fu var ki bazen bir puan bile seni bir yerlere ta\u015f\u0131yabilir. Yanl\u0131\u015f anla\u015f\u0131lmas\u0131n biz hem Kastamonu&#8217;dan hem de Trabzon&#8217;dan galip d\u00f6nmek istiyoruz&#8221;<\/strong> dedi.<\/p>\n<\/div>\n","protected":false},"excerpt":{"rendered":"<p>2&#8217;nci Lig Beyaz K\u00fcme&#8217;de yer alan Alt\u0131nordu&#8217;nun teknik y\u00f6neticisi Ersan Parlatan, bu hafta \u00fcst \u00fcste oynayacaklar\u0131 ma\u00e7lardan 6 puan \u00e7\u0131karmay\u0131 hedeflediklerini s\u00f6yledi.<\/p>\n","protected":false},"author":1,"featured_media":37006,"comment_status":"open","ping_status":"open","sticky":false,"template":"","format":"standard","meta":{"footnotes":""},"categories":[10],"tags":[],"class_list":["post-37005","post","type-post","status-publish","format-standard","has-post-thumbnail","hentry","category-basketbol"],"_links":{"self":[{"href":"https:\/\/haberbesiktas.tr\/index.php?rest_route=\/wp\/v2\/posts\/37005","targetHints":{"allow":["GET"]}}],"collection":[{"href":"https:\/\/haberbesiktas.tr\/index.php?rest_route=\/wp\/v2\/posts"}],"about":[{"href":"https:\/\/haberbesiktas.tr\/index.php?rest_route=\/wp\/v2\/types\/post"}],"author":[{"embeddable":true,"href":"https:\/\/haberbesiktas.tr\/index.php?rest_route=\/wp\/v2\/users\/1"}],"replies":[{"embeddable":true,"href":"https:\/\/haberbesiktas.tr\/index.php?rest_route=%2Fwp%2Fv2%2Fcomments&post=37005"}],"version-history":[{"count":1,"href":"https:\/\/haberbesiktas.tr\/index.php?rest_route=\/wp\/v2\/posts\/37005\/revisions"}],"predecessor-version":[{"id":37007,"href":"https:\/\/haberbesiktas.tr\/index.php?rest_route=\/wp\/v2\/posts\/37005\/revisions\/37007"}],"wp:featuredmedia":[{"embeddable":true,"href":"https:\/\/haberbesiktas.tr\/index.php?rest_route=\/wp\/v2\/media\/37006"}],"wp:attachment":[{"href":"https:\/\/haberbesiktas.tr\/index.php?rest_route=%2Fwp%2Fv2%2Fmedia&parent=37005"}],"wp:term":[{"taxonomy":"category","embeddable":true,"href":"https:\/\/haberbesiktas.tr\/index.php?rest_route=%2Fwp%2Fv2%2Fcategories&post=37005"},{"taxonomy":"post_tag","embeddable":true,"href":"https:\/\/haberbesiktas.tr\/index.php?rest_route=%2Fwp%2Fv2%2Ftags&post=37005"}],"curies":[{"name":"wp","href":"https:\/\/api.w.org\/{rel}","templated":true}]}}