{"id":37008,"date":"2025-06-13T06:48:07","date_gmt":"2025-06-13T06:48:07","guid":{"rendered":"https:\/\/haberbesiktas.tr\/?p=37008"},"modified":"2025-06-13T06:48:07","modified_gmt":"2025-06-13T06:48:07","slug":"bodrum-fk-kupada-tura-odaklandi-2","status":"publish","type":"post","link":"https:\/\/haberbesiktas.tr\/?p=37008","title":{"rendered":"Bodrum FK kupada tura odakland\u0131"},"content":{"rendered":"<div>S\u00fcper Lig&#8217;de son olarak meskeninde Fenerbah\u00e7e&#8217;ye 4-2 yenilip 30 puan ve averajla k\u00fcme d\u00fc\u015fme \u00e7izgisine gerileyen Bodrum FK, 2 Nisan \u00c7ar\u015famba g\u00fcn\u00fc Trabzonspor&#8217;la deplasmanda oynayaca\u011f\u0131 Ziraat T\u00fcrkiye Kupas\u0131 \u00e7eyrek final ma\u00e7\u0131na odakland\u0131. <\/p>\n<p>Tarihinde birinci defa kupada birinci 8&#8217;e ismini yazd\u0131ran ye\u015fil-beyazl\u0131lar, tek eleme metoduna nazaran oynanacak ma\u00e7\u0131 kazan\u0131p gayesi yar\u0131 final olarak belirledi. Teknik y\u00f6netici Jose Morais, \u015fiddetli bir rakibe kar\u015f\u0131 oynayacaklar\u0131n\u0131 belirterek,<strong> &#8220;Ligdeki pozisyonumuz elbette daha k\u0131ymetli lakin kupada da var olmak istiyoruz&#8221;<\/strong> dedi. Bodrum FK, kupa s\u0131nav\u0131n\u0131n ard\u0131ndan ligde k\u0131ymetli rakiplerinden Alanyaspor&#8217;la deplasmanda kar\u015f\u0131la\u015facak.<\/div>\n","protected":false},"excerpt":{"rendered":"<p>S\u00fcper Lig&#8217;de yenilmezlik serisi Fenerbah\u00e7e ma\u00e7\u0131yla bozulan Bodrum FK&#8217;de g\u00f6zler Ziraat Kupas\u0131&#8217;na d\u00f6nd\u00fc.<\/p>\n","protected":false},"author":1,"featured_media":37009,"comment_status":"open","ping_status":"open","sticky":false,"template":"","format":"standard","meta":{"footnotes":""},"categories":[10],"tags":[],"class_list":["post-37008","post","type-post","status-publish","format-standard","has-post-thumbnail","hentry","category-basketbol"],"_links":{"self":[{"href":"https:\/\/haberbesiktas.tr\/index.php?rest_route=\/wp\/v2\/posts\/37008","targetHints":{"allow":["GET"]}}],"collection":[{"href":"https:\/\/haberbesiktas.tr\/index.php?rest_route=\/wp\/v2\/posts"}],"about":[{"href":"https:\/\/haberbesiktas.tr\/index.php?rest_route=\/wp\/v2\/types\/post"}],"author":[{"embeddable":true,"href":"https:\/\/haberbesiktas.tr\/index.php?rest_route=\/wp\/v2\/users\/1"}],"replies":[{"embeddable":true,"href":"https:\/\/haberbesiktas.tr\/index.php?rest_route=%2Fwp%2Fv2%2Fcomments&post=37008"}],"version-history":[{"count":1,"href":"https:\/\/haberbesiktas.tr\/index.php?rest_route=\/wp\/v2\/posts\/37008\/revisions"}],"predecessor-version":[{"id":37010,"href":"https:\/\/haberbesiktas.tr\/index.php?rest_route=\/wp\/v2\/posts\/37008\/revisions\/37010"}],"wp:featuredmedia":[{"embeddable":true,"href":"https:\/\/haberbesiktas.tr\/index.php?rest_route=\/wp\/v2\/media\/37009"}],"wp:attachment":[{"href":"https:\/\/haberbesiktas.tr\/index.php?rest_route=%2Fwp%2Fv2%2Fmedia&parent=37008"}],"wp:term":[{"taxonomy":"category","embeddable":true,"href":"https:\/\/haberbesiktas.tr\/index.php?rest_route=%2Fwp%2Fv2%2Fcategories&post=37008"},{"taxonomy":"post_tag","embeddable":true,"href":"https:\/\/haberbesiktas.tr\/index.php?rest_route=%2Fwp%2Fv2%2Ftags&post=37008"}],"curies":[{"name":"wp","href":"https:\/\/api.w.org\/{rel}","templated":true}]}}