{"id":37011,"date":"2025-06-13T07:00:05","date_gmt":"2025-06-13T07:00:05","guid":{"rendered":"https:\/\/haberbesiktas.tr\/?p=37011"},"modified":"2025-06-13T07:00:05","modified_gmt":"2025-06-13T07:00:05","slug":"okculuk-turkiye-kupasinin-2-ayagi-antalyada-yapilacak-2","status":"publish","type":"post","link":"https:\/\/haberbesiktas.tr\/?p=37011","title":{"rendered":"Ok\u00e7uluk T\u00fcrkiye Kupas\u0131&#8217;n\u0131n 2. aya\u011f\u0131 Antalya&#8217;da yap\u0131lacak"},"content":{"rendered":"<div>\n<p>T\u00fcrkiye Ok\u00e7uluk Federasyonu, T\u00fcrkiye Kupas\u0131 2. ayak yar\u0131\u015f\u0131n\u0131n Antalya&#8217;da yap\u0131laca\u011f\u0131n\u0131 duyurdu.<\/p>\n<p> Federasyonun a\u00e7\u0131klamas\u0131na nazaran kar\u015f\u0131la\u015fmalar, 30 Nisan-4 May\u0131s tarihlerinde Antalya 100. Y\u0131l Ok\u00e7uluk Tesisleri&#8217;nde ger\u00e7ekle\u015ftirilecek.<\/p>\n<p> Yar\u0131\u015f, klasik ve makaral\u0131 yay kategorilerinde yap\u0131lacak.<\/p>\n<p> T\u0131pk\u0131 tesislerde 28-29 Nisan tarihlerinde Para Ok\u00e7uluk T\u00fcrkiye Kupas\u0131 2. ayak yar\u0131\u015f\u0131 da d\u00fczenlenecek.<\/p>\n<p> \u00a0<\/p>\n<\/div>\n","protected":false},"excerpt":{"rendered":"<p>T\u00fcrkiye Ok\u00e7uluk Federasyonu, T\u00fcrkiye Kupas\u0131 2. ayak m\u00fcsabakalar\u0131n\u0131n 30 Nisan-4 May\u0131s tarihlerinde Antalya 100. Y\u0131l Ok\u00e7uluk Tesisleri&#8217;nde yap\u0131laca\u011f\u0131n\u0131 duyurdu.<\/p>\n","protected":false},"author":1,"featured_media":37012,"comment_status":"open","ping_status":"open","sticky":false,"template":"","format":"standard","meta":{"footnotes":""},"categories":[10],"tags":[],"class_list":["post-37011","post","type-post","status-publish","format-standard","has-post-thumbnail","hentry","category-basketbol"],"_links":{"self":[{"href":"https:\/\/haberbesiktas.tr\/index.php?rest_route=\/wp\/v2\/posts\/37011","targetHints":{"allow":["GET"]}}],"collection":[{"href":"https:\/\/haberbesiktas.tr\/index.php?rest_route=\/wp\/v2\/posts"}],"about":[{"href":"https:\/\/haberbesiktas.tr\/index.php?rest_route=\/wp\/v2\/types\/post"}],"author":[{"embeddable":true,"href":"https:\/\/haberbesiktas.tr\/index.php?rest_route=\/wp\/v2\/users\/1"}],"replies":[{"embeddable":true,"href":"https:\/\/haberbesiktas.tr\/index.php?rest_route=%2Fwp%2Fv2%2Fcomments&post=37011"}],"version-history":[{"count":1,"href":"https:\/\/haberbesiktas.tr\/index.php?rest_route=\/wp\/v2\/posts\/37011\/revisions"}],"predecessor-version":[{"id":37013,"href":"https:\/\/haberbesiktas.tr\/index.php?rest_route=\/wp\/v2\/posts\/37011\/revisions\/37013"}],"wp:featuredmedia":[{"embeddable":true,"href":"https:\/\/haberbesiktas.tr\/index.php?rest_route=\/wp\/v2\/media\/37012"}],"wp:attachment":[{"href":"https:\/\/haberbesiktas.tr\/index.php?rest_route=%2Fwp%2Fv2%2Fmedia&parent=37011"}],"wp:term":[{"taxonomy":"category","embeddable":true,"href":"https:\/\/haberbesiktas.tr\/index.php?rest_route=%2Fwp%2Fv2%2Fcategories&post=37011"},{"taxonomy":"post_tag","embeddable":true,"href":"https:\/\/haberbesiktas.tr\/index.php?rest_route=%2Fwp%2Fv2%2Ftags&post=37011"}],"curies":[{"name":"wp","href":"https:\/\/api.w.org\/{rel}","templated":true}]}}