{"id":37023,"date":"2025-06-13T07:48:07","date_gmt":"2025-06-13T07:48:07","guid":{"rendered":"https:\/\/haberbesiktas.tr\/?p=37023"},"modified":"2025-06-13T07:48:07","modified_gmt":"2025-06-13T07:48:07","slug":"goztepe-yine-skoru-koruyamadi-2","status":"publish","type":"post","link":"https:\/\/haberbesiktas.tr\/?p=37023","title":{"rendered":"G\u00f6ztepe, yine skoru koruyamad\u0131"},"content":{"rendered":"<div>S\u00fcper Lig&#8217;de deplasmanda Trabzonspor&#8217;la 1-1 berabere kal\u0131p galibiyet hasretini 8 ma\u00e7a \u00e7\u0131karan G\u00f6ztepe, bu d\u00f6nemde \u00f6ne ge\u00e7ti\u011fi m\u00fcsabakalar\u0131 kazanamad\u0131. <\/p>\n<p>G\u00f6ztepe 4 kar\u015f\u0131la\u015fmada \u00fcst\u00fcnl\u00fc\u011f\u00fc ele almas\u0131na kar\u015f\u0131n yedi\u011fi gollerle ya ma\u011flup oldu ya da beraberlikle alandan ayr\u0131ld\u0131. Birinci olarak \u0130stanbul&#8217;da Fenerbah\u00e7e&#8217;nin rakibi olan G\u00f6ztepe, 25&#8217;inci dakikada Juan&#8217;\u0131n att\u0131\u011f\u0131 golle 1-0 \u00f6ne ge\u00e7ti. Birinci devreyi de bu skorla tamamlayan sar\u0131-k\u0131rm\u0131z\u0131l\u0131lar daha sonra arka arda goller yedi ve ma\u00e7\u0131 3-2 kaybetti. G\u00f6ztepe konutunda 2-2 berabere kald\u0131\u011f\u0131 Samsunspor ma\u00e7\u0131nda da 2-0&#8217;l\u0131k avantaj\u0131 yakalad\u0131.<\/p>\n<p> Samsunspor evvel 67&#8217;nci dakikada fark\u0131 1&#8217;e indirdi, 90+3&#8217;\u00fcnc\u00fc dakikada da beraberli\u011fi yakalad\u0131. <\/p>\n<p>G\u00f6ztepe, Sivasspor deplasman\u0131nda da birebir baht\u0131 ya\u015fad\u0131. Ma\u00e7\u0131n 33&#8217;\u00fcnc\u00fc dakikas\u0131nda Japon orta saha Matsuki&#8217;nin gol\u00fcyle 1-0&#8217;\u0131 bulan G\u00f6ztepe birinci yar\u0131y\u0131 \u00f6nde bitirmesine kar\u015f\u0131n alandan 3-1 yenik ayr\u0131ld\u0131. <\/p>\n<p>Son Trabzon deplasman\u0131nda 31&#8217;inci dakikada Romulo&#8217;nun penalt\u0131 gol\u00fcyle 1-0&#8217;l\u0131k skoru yakalayan G\u00f6ztepe, 1 dakika dolmadan topu a\u011flar\u0131nda g\u00f6rd\u00fc. \u00d6ne ge\u00e7ti\u011fi 4 ma\u00e7ta 2 ma\u011flubiyet ve 2 beraberlik alan G\u00f6ztepe, Avrupa yolunda da yaraland\u0131.<\/p>\n<\/div>\n","protected":false},"excerpt":{"rendered":"<p>Trendyol \u00dcst\u00fcn Ligi&#8217;nde Trabzonspor&#8217;un konu\u011fu olan G\u00f6ztepe, \u00f6ne ge\u00e7ti\u011fi ma\u00e7ta yine kalesinde gol\u00fc g\u00f6rerek galibiyet hasretini 8 ma\u00e7a \u00e7\u0131kard\u0131.<\/p>\n","protected":false},"author":1,"featured_media":37024,"comment_status":"open","ping_status":"open","sticky":false,"template":"","format":"standard","meta":{"footnotes":""},"categories":[10],"tags":[109,64],"class_list":["post-37023","post","type-post","status-publish","format-standard","has-post-thumbnail","hentry","category-basketbol","tag-dakika","tag-goztepe"],"_links":{"self":[{"href":"https:\/\/haberbesiktas.tr\/index.php?rest_route=\/wp\/v2\/posts\/37023","targetHints":{"allow":["GET"]}}],"collection":[{"href":"https:\/\/haberbesiktas.tr\/index.php?rest_route=\/wp\/v2\/posts"}],"about":[{"href":"https:\/\/haberbesiktas.tr\/index.php?rest_route=\/wp\/v2\/types\/post"}],"author":[{"embeddable":true,"href":"https:\/\/haberbesiktas.tr\/index.php?rest_route=\/wp\/v2\/users\/1"}],"replies":[{"embeddable":true,"href":"https:\/\/haberbesiktas.tr\/index.php?rest_route=%2Fwp%2Fv2%2Fcomments&post=37023"}],"version-history":[{"count":1,"href":"https:\/\/haberbesiktas.tr\/index.php?rest_route=\/wp\/v2\/posts\/37023\/revisions"}],"predecessor-version":[{"id":37025,"href":"https:\/\/haberbesiktas.tr\/index.php?rest_route=\/wp\/v2\/posts\/37023\/revisions\/37025"}],"wp:featuredmedia":[{"embeddable":true,"href":"https:\/\/haberbesiktas.tr\/index.php?rest_route=\/wp\/v2\/media\/37024"}],"wp:attachment":[{"href":"https:\/\/haberbesiktas.tr\/index.php?rest_route=%2Fwp%2Fv2%2Fmedia&parent=37023"}],"wp:term":[{"taxonomy":"category","embeddable":true,"href":"https:\/\/haberbesiktas.tr\/index.php?rest_route=%2Fwp%2Fv2%2Fcategories&post=37023"},{"taxonomy":"post_tag","embeddable":true,"href":"https:\/\/haberbesiktas.tr\/index.php?rest_route=%2Fwp%2Fv2%2Ftags&post=37023"}],"curies":[{"name":"wp","href":"https:\/\/api.w.org\/{rel}","templated":true}]}}