{"id":37026,"date":"2025-06-13T08:00:05","date_gmt":"2025-06-13T08:00:05","guid":{"rendered":"https:\/\/haberbesiktas.tr\/?p=37026"},"modified":"2025-06-13T08:00:05","modified_gmt":"2025-06-13T08:00:05","slug":"loris-karius-sezonu-kapatti-2","status":"publish","type":"post","link":"https:\/\/haberbesiktas.tr\/?p=37026","title":{"rendered":"Loris Karius, sezonu kapatt\u0131"},"content":{"rendered":"<div>\n<p>Schalke&#8217;ye Alman kaleci Loris Karius&#8217;dan makus haber geldi.\u00a0<\/p>\n<p> Almanya Bundesliga 2 ligi gruplar\u0131ndan Schalke&#8217;nin 31 ya\u015f\u0131ndaki kalecisi Karius, sol bald\u0131r\u0131nda ya\u015fad\u0131\u011f\u0131 kas sakatl\u0131\u011f\u0131 nedeniyle d\u00f6nemi kapatt\u0131.<\/p>\n<p> Schalke&#8217;nin ocak ay\u0131nda mukavele imzalad\u0131\u011f\u0131 Karius&#8217;un kontrat\u0131 30 Haz 2025 y\u0131l\u0131nda sona eriyor.<\/p>\n<\/div>\n","protected":false},"excerpt":{"rendered":"<p>Schalke&#8217;nin file bek\u00e7isi Loris Karius, kas sakatl\u0131\u011f\u0131 sebebiyle d\u00f6nemi kapad\u0131.<\/p>\n","protected":false},"author":1,"featured_media":37027,"comment_status":"open","ping_status":"open","sticky":false,"template":"","format":"standard","meta":{"footnotes":""},"categories":[10],"tags":[],"class_list":["post-37026","post","type-post","status-publish","format-standard","has-post-thumbnail","hentry","category-basketbol"],"_links":{"self":[{"href":"https:\/\/haberbesiktas.tr\/index.php?rest_route=\/wp\/v2\/posts\/37026","targetHints":{"allow":["GET"]}}],"collection":[{"href":"https:\/\/haberbesiktas.tr\/index.php?rest_route=\/wp\/v2\/posts"}],"about":[{"href":"https:\/\/haberbesiktas.tr\/index.php?rest_route=\/wp\/v2\/types\/post"}],"author":[{"embeddable":true,"href":"https:\/\/haberbesiktas.tr\/index.php?rest_route=\/wp\/v2\/users\/1"}],"replies":[{"embeddable":true,"href":"https:\/\/haberbesiktas.tr\/index.php?rest_route=%2Fwp%2Fv2%2Fcomments&post=37026"}],"version-history":[{"count":1,"href":"https:\/\/haberbesiktas.tr\/index.php?rest_route=\/wp\/v2\/posts\/37026\/revisions"}],"predecessor-version":[{"id":37028,"href":"https:\/\/haberbesiktas.tr\/index.php?rest_route=\/wp\/v2\/posts\/37026\/revisions\/37028"}],"wp:featuredmedia":[{"embeddable":true,"href":"https:\/\/haberbesiktas.tr\/index.php?rest_route=\/wp\/v2\/media\/37027"}],"wp:attachment":[{"href":"https:\/\/haberbesiktas.tr\/index.php?rest_route=%2Fwp%2Fv2%2Fmedia&parent=37026"}],"wp:term":[{"taxonomy":"category","embeddable":true,"href":"https:\/\/haberbesiktas.tr\/index.php?rest_route=%2Fwp%2Fv2%2Fcategories&post=37026"},{"taxonomy":"post_tag","embeddable":true,"href":"https:\/\/haberbesiktas.tr\/index.php?rest_route=%2Fwp%2Fv2%2Ftags&post=37026"}],"curies":[{"name":"wp","href":"https:\/\/api.w.org\/{rel}","templated":true}]}}