{"id":37029,"date":"2025-06-13T08:12:07","date_gmt":"2025-06-13T08:12:07","guid":{"rendered":"https:\/\/haberbesiktas.tr\/?p=37029"},"modified":"2025-06-13T08:12:07","modified_gmt":"2025-06-13T08:12:07","slug":"mikel-arteta-saka-oynayabilecek-durumda-2","status":"publish","type":"post","link":"https:\/\/haberbesiktas.tr\/?p=37029","title":{"rendered":"Mikel Arteta: &#8220;Saka oynayabilecek durumda&#8221;"},"content":{"rendered":"<div>Arsenal Teknik Y\u00f6neticisi Mikel Arteta, Fulham ile oynayacaklar\u0131 lig ma\u00e7\u0131 \u00f6ncesi a\u00e7\u0131klamalarda bulundu.<\/p>\n<p> Arteta, sakatl\u0131\u011f\u0131 bulunan Bukayo Saka&#8217;n\u0131n g\u00fczelle\u015fti\u011fini ve Fulham kar\u015f\u0131s\u0131nda forma giyebilece\u011fini s\u00f6yledi.<\/p>\n<p> \u0130spanyol teknik adam, <strong>&#8220;Bukayo Latife d\u00fczg\u00fcnle\u015fti ve oynayabilecek durumda. Art\u0131k de\u011ferli olan onu hakikat vakitte alana s\u00fcrmek. Bukayo bizim i\u00e7in \u00e7ok g\u00fc\u00e7l\u00fc bir silah. Grup \u00fczerindeki tesirini, ba\u015far\u0131m\u0131zdaki rol\u00fcn\u00fc ve kadroya katk\u0131s\u0131n\u0131n ne kadar k\u0131ymetli oldu\u011funu biliyoruz. Onu tekrar ortam\u0131zda g\u00f6rmek kusursuz.&#8221;<\/strong> dedi.<\/p>\n<p> Arsenal&#8217;de bu d\u00f6nem 24 ma\u00e7ta m\u00fcddet bulan Bukayo Latife, 9 gol att\u0131 ve 14 asist yapt\u0131.<\/p>\n<\/div>\n","protected":false},"excerpt":{"rendered":"<p>Arsenal Teknik Y\u00f6neticisi Mikel Arteta, Bukayo Saka&#8217;n\u0131n g\u00fczelle\u015fti\u011fini ve sal\u0131 g\u00fcn\u00fc oynanacak Fulham ma\u00e7\u0131nda forma giyebilece\u011fini s\u00f6yledi.<\/p>\n","protected":false},"author":1,"featured_media":37030,"comment_status":"open","ping_status":"open","sticky":false,"template":"","format":"standard","meta":{"footnotes":""},"categories":[10],"tags":[],"class_list":["post-37029","post","type-post","status-publish","format-standard","has-post-thumbnail","hentry","category-basketbol"],"_links":{"self":[{"href":"https:\/\/haberbesiktas.tr\/index.php?rest_route=\/wp\/v2\/posts\/37029","targetHints":{"allow":["GET"]}}],"collection":[{"href":"https:\/\/haberbesiktas.tr\/index.php?rest_route=\/wp\/v2\/posts"}],"about":[{"href":"https:\/\/haberbesiktas.tr\/index.php?rest_route=\/wp\/v2\/types\/post"}],"author":[{"embeddable":true,"href":"https:\/\/haberbesiktas.tr\/index.php?rest_route=\/wp\/v2\/users\/1"}],"replies":[{"embeddable":true,"href":"https:\/\/haberbesiktas.tr\/index.php?rest_route=%2Fwp%2Fv2%2Fcomments&post=37029"}],"version-history":[{"count":1,"href":"https:\/\/haberbesiktas.tr\/index.php?rest_route=\/wp\/v2\/posts\/37029\/revisions"}],"predecessor-version":[{"id":37031,"href":"https:\/\/haberbesiktas.tr\/index.php?rest_route=\/wp\/v2\/posts\/37029\/revisions\/37031"}],"wp:featuredmedia":[{"embeddable":true,"href":"https:\/\/haberbesiktas.tr\/index.php?rest_route=\/wp\/v2\/media\/37030"}],"wp:attachment":[{"href":"https:\/\/haberbesiktas.tr\/index.php?rest_route=%2Fwp%2Fv2%2Fmedia&parent=37029"}],"wp:term":[{"taxonomy":"category","embeddable":true,"href":"https:\/\/haberbesiktas.tr\/index.php?rest_route=%2Fwp%2Fv2%2Fcategories&post=37029"},{"taxonomy":"post_tag","embeddable":true,"href":"https:\/\/haberbesiktas.tr\/index.php?rest_route=%2Fwp%2Fv2%2Ftags&post=37029"}],"curies":[{"name":"wp","href":"https:\/\/api.w.org\/{rel}","templated":true}]}}