{"id":3703,"date":"2025-01-15T02:30:43","date_gmt":"2025-01-15T02:30:43","guid":{"rendered":"https:\/\/haberbesiktas.tr\/?p=3703"},"modified":"2025-01-15T02:30:43","modified_gmt":"2025-01-15T02:30:43","slug":"besiktas-kovactan-cevap-bekliyor","status":"publish","type":"post","link":"https:\/\/haberbesiktas.tr\/?p=3703","title":{"rendered":"Be\u015fikta\u015f, Kovac&#8217;tan cevap bekliyor!"},"content":{"rendered":"<div>\n<p>Be\u015fikta\u015f&#8217;ta teknik y\u00f6netici aray\u0131\u015f\u0131 t\u00fcm s\u00fcratiyle devam ediyor.\u00a0<\/p>\n<p> <strong>SCHMIDT&#8217;\u0130N MAL\u0130YET\u0130 Y\u00dcKSEK<\/strong><\/p>\n<p> Lider Serdal Adal\u0131&#8217;n\u0131n, ekibin ba\u015f\u0131na getirmek istedi\u011fi isimler ortas\u0131nda birinci s\u0131rada Roger Schmidt yer al\u0131yor. Lakin, Alman teknik y\u00f6neticinin d\u00f6nem ba\u015f\u0131na maliyetinin 7 milyon Euro&#8217;yu bulmas\u0131, bu tercihin ger\u00e7ekle\u015fmesini zorla\u015ft\u0131ran en k\u0131ymetli mahzur olarak g\u00f6r\u00fcl\u00fcyor.\u00a0<\/p>\n<p> <strong>RUDI GARCIA OLUMLU<\/strong><\/p>\n<p> Adal\u0131&#8217;n\u0131n listesinde yer alan \u00f6b\u00fcr adaylardan Rudi Garcia ise listenin son s\u0131ras\u0131nda bulunuyor. Frans\u0131z teknik adam\u0131n Be\u015fikta\u015f&#8217;ta misyon almaya olumlu bakt\u0131\u011f\u0131 belirtiliyor.<\/p>\n<p> <strong>SON ADAY NIKO KOVAC<\/strong><\/p>\n<p> Bu s\u00fcre\u00e7te \u00f6ne \u00e7\u0131kan isimlerden biri de Niko Kovac oldu. Son olarak Bundesliga tak\u0131mlar\u0131ndan Wolfsburg&#8217;u \u00e7al\u0131\u015ft\u0131ran H\u0131rvat teknik y\u00f6neticiyle bir\u00e7ok hususta mutabakat sa\u011fland\u0131\u011f\u0131 \u00f6\u011frenildi. Lakin Kovac&#8217;\u0131n ailesiyle ilgili \u00e7\u00f6zmesi gereken kimi hususlar nedeniyle Be\u015fikta\u015f&#8217;a \u015fimdi net bir kar\u015f\u0131l\u0131k vermedi\u011fi \u00f6\u011frenildi. Siyah-beyazl\u0131lar, Kovac&#8217;tan yan\u0131t bekliyor.<\/p>\n<p> Lider Serdal Adal\u0131&#8217;n\u0131n, en ge\u00e7 hafta ba\u015f\u0131nda yeni teknik y\u00f6neticisi a\u00e7\u0131klamay\u0131 planlad\u0131\u011f\u0131 ve bu ad\u0131m\u0131n akabinde transfer g\u00fcndemine a\u011f\u0131rla\u015faca\u011f\u0131 belirtildi.\u00a0<\/p>\n<div>\u00a0<\/div>\n<\/div>\n","protected":false},"excerpt":{"rendered":"<p>Be\u015fikta\u015f&#8217;ta Roger Schmidt maliyeti nedeniyle zora girdi. Siyah-beyazl\u0131lar, listesindeki Niko Kovac&#8217;tan haber bekliyor.<\/p>\n","protected":false},"author":1,"featured_media":3704,"comment_status":"open","ping_status":"open","sticky":false,"template":"","format":"standard","meta":{"footnotes":""},"categories":[25],"tags":[351],"class_list":["post-3703","post","type-post","status-publish","format-standard","has-post-thumbnail","hentry","category-futbol","tag-teknik"],"_links":{"self":[{"href":"https:\/\/haberbesiktas.tr\/index.php?rest_route=\/wp\/v2\/posts\/3703","targetHints":{"allow":["GET"]}}],"collection":[{"href":"https:\/\/haberbesiktas.tr\/index.php?rest_route=\/wp\/v2\/posts"}],"about":[{"href":"https:\/\/haberbesiktas.tr\/index.php?rest_route=\/wp\/v2\/types\/post"}],"author":[{"embeddable":true,"href":"https:\/\/haberbesiktas.tr\/index.php?rest_route=\/wp\/v2\/users\/1"}],"replies":[{"embeddable":true,"href":"https:\/\/haberbesiktas.tr\/index.php?rest_route=%2Fwp%2Fv2%2Fcomments&post=3703"}],"version-history":[{"count":1,"href":"https:\/\/haberbesiktas.tr\/index.php?rest_route=\/wp\/v2\/posts\/3703\/revisions"}],"predecessor-version":[{"id":3705,"href":"https:\/\/haberbesiktas.tr\/index.php?rest_route=\/wp\/v2\/posts\/3703\/revisions\/3705"}],"wp:featuredmedia":[{"embeddable":true,"href":"https:\/\/haberbesiktas.tr\/index.php?rest_route=\/wp\/v2\/media\/3704"}],"wp:attachment":[{"href":"https:\/\/haberbesiktas.tr\/index.php?rest_route=%2Fwp%2Fv2%2Fmedia&parent=3703"}],"wp:term":[{"taxonomy":"category","embeddable":true,"href":"https:\/\/haberbesiktas.tr\/index.php?rest_route=%2Fwp%2Fv2%2Fcategories&post=3703"},{"taxonomy":"post_tag","embeddable":true,"href":"https:\/\/haberbesiktas.tr\/index.php?rest_route=%2Fwp%2Fv2%2Ftags&post=3703"}],"curies":[{"name":"wp","href":"https:\/\/api.w.org\/{rel}","templated":true}]}}